{"id":1926,"date":"2020-10-04T16:28:24","date_gmt":"2020-10-04T16:28:24","guid":{"rendered":"https:\/\/tvc16.com\/portal\/?p=1926"},"modified":"2020-10-04T16:28:24","modified_gmt":"2020-10-04T16:28:24","slug":"em-encontro-na-casa-de-toffoli-bolsonaro-reclama-de-distanciamento-de-fux","status":"publish","type":"post","link":"https:\/\/tvc16.com\/portal\/2020\/10\/04\/em-encontro-na-casa-de-toffoli-bolsonaro-reclama-de-distanciamento-de-fux\/","title":{"rendered":"Em encontro na casa de Toffoli, Bolsonaro reclama de distanciamento de Fux"},"content":{"rendered":"\n<p>Durante encontro na casa do ministro do&nbsp;<a href=\"https:\/\/www.cnnbrasil.com.br\/tudo-sobre\/supremo-tribunal-federal-stf\">Supremo Tribunal Federal (STF)<\/a>&nbsp;Dias Toffoli com a presen\u00e7a do presidente do Senado, Davi Alcolumbre (DEM-AP), na noite deste s\u00e1bado (3), o presidente da Rep\u00fablica, Jair Bolsonaro, reclamou aos presentes do comportamento do ministro&nbsp;<a href=\"https:\/\/www.cnnbrasil.com.br\/tudo-sobre\/luiz-fux\">Luiz Fux<\/a>, atual presidente do STF.<\/p>\n\n\n\n<p>Segundo fontes ouvidas pela\u00a0<strong>CNN<\/strong>, Bolsonaro comentou, assim que Kassio Nunes chegou ao local, o fato de Fux ter reclamado que o presidente da Rep\u00fablica indicou o desembargador para a Corte sem consult\u00e1-lo. No entanto, segundo o chefe do Executivo, \u00e9 o ministro do STF quem n\u00e3o d\u00e1 espa\u00e7o para conversas institucionais entre eles.\u00a0<\/p>\n\n\n\n<p>Bolsonaro teria dito ainda que, quando Toffoli era presidente do STF, o di\u00e1logo entre os poderes Executivo e Judici\u00e1rio era \u201cum pouco mais f\u00e1cil\u201d. Por\u00e9m, ao ouvir as cr\u00edticas, segundo interlocutores, Toffoli nem Alcolumbre deram continuidade ao assunto e voltaram a falar de como o nome de Kassio Nunes para uma vaga na Corte deve ser aprovado no Senado.<\/p>\n\n\n\n<p>O encontro entre os chefes dos Poderes ocorreu em meio \u00e0s articula\u00e7\u00f5es de Nunes em busca de apoio para ter sua indica\u00e7\u00e3o aprovada pelo Senado. Antes, na sexta-feira (2), Alcolumbre almo\u00e7ou com Bolsonaro no Pal\u00e1cio do Planalto, quando pediu para o senador tentar acelerar a sabatina do desembargador.<\/p>\n\n\n\n<p>Larissa Rodrigues, Da CNN, em Bras\u00edlia04 de outubro de 2020 \u00e0s 09:49\u00a0| Atualizado 04 de outubro de 2020 \u00e0s 11:06<\/p>\n\n\n\n<p>Foto: Marcos Corr\u00eaa\/PR (22.set.2020)<\/p>\n","protected":false},"excerpt":{"rendered":"<p>Durante encontro na casa do ministro do&nbsp;Supremo Tribunal Federal (STF)&nbsp;Dias Toffoli com a presen\u00e7a do<\/p>\n","protected":false},"author":2,"featured_media":1927,"comment_status":"open","ping_status":"open","sticky":false,"template":"","format":"standard","meta":{"footnotes":""},"categories":[15],"tags":[],"class_list":["post-1926","post","type-post","status-publish","format-standard","has-post-thumbnail","hentry","category-politica"],"_links":{"self":[{"href":"https:\/\/tvc16.com\/portal\/wp-json\/wp\/v2\/posts\/1926","targetHints":{"allow":["GET"]}}],"collection":[{"href":"https:\/\/tvc16.com\/portal\/wp-json\/wp\/v2\/posts"}],"about":[{"href":"https:\/\/tvc16.com\/portal\/wp-json\/wp\/v2\/types\/post"}],"author":[{"embeddable":true,"href":"https:\/\/tvc16.com\/portal\/wp-json\/wp\/v2\/users\/2"}],"replies":[{"embeddable":true,"href":"https:\/\/tvc16.com\/portal\/wp-json\/wp\/v2\/comments?post=1926"}],"version-history":[{"count":1,"href":"https:\/\/tvc16.com\/portal\/wp-json\/wp\/v2\/posts\/1926\/revisions"}],"predecessor-version":[{"id":1928,"href":"https:\/\/tvc16.com\/portal\/wp-json\/wp\/v2\/posts\/1926\/revisions\/1928"}],"wp:featuredmedia":[{"embeddable":true,"href":"https:\/\/tvc16.com\/portal\/wp-json\/wp\/v2\/media\/1927"}],"wp:attachment":[{"href":"https:\/\/tvc16.com\/portal\/wp-json\/wp\/v2\/media?parent=1926"}],"wp:term":[{"taxonomy":"category","embeddable":true,"href":"https:\/\/tvc16.com\/portal\/wp-json\/wp\/v2\/categories?post=1926"},{"taxonomy":"post_tag","embeddable":true,"href":"https:\/\/tvc16.com\/portal\/wp-json\/wp\/v2\/tags?post=1926"}],"curies":[{"name":"wp","href":"https:\/\/api.w.org\/{rel}","templated":true}]}}