{"id":19279,"date":"2021-08-13T11:25:20","date_gmt":"2021-08-13T14:25:20","guid":{"rendered":"https:\/\/tvc16.com\/portal\/?p=19279"},"modified":"2021-08-13T11:25:22","modified_gmt":"2021-08-13T14:25:22","slug":"mais-tres-pessoas-morrem-de-covid-19-em-petropolis-2","status":"publish","type":"post","link":"https:\/\/tvc16.com\/portal\/2021\/08\/13\/mais-tres-pessoas-morrem-de-covid-19-em-petropolis-2\/","title":{"rendered":"Mais tr\u00eas pessoas morrem de covid-19 em Petr\u00f3polis"},"content":{"rendered":"\n<p>A taxa de ocupa\u00e7\u00e3o de leitos para pacientes com covid-19 no Sistema \u00danico de Sa\u00fade est\u00e1, na quinta-feira (12\/08), em 65,38% em leitos cl\u00ednicos e 53,97% em UTIs. Levando em conta toda a rede de sa\u00fade da cidade, incluindo hospitais p\u00fablicos e privados, s\u00e3o 100 pacientes internados, sendo 62 em UTIs e 38 em leitos cl\u00ednicos. Tr\u00eas \u00f3bitos foram confirmados e inseridos na base estat\u00edstica.<br>At\u00e9 agora foram realizados no munic\u00edpio 183.636 testes para Covid-19, com 44.748 resultados positivos e 138.413 negativos (levando em considera\u00e7\u00e3o testes r\u00e1pidos e Swab).<br>A Secretaria de Sa\u00fade esclarece que o n\u00famero de \u00f3bitos, hoje em 1.399 \u00e9 atualizado nos boletins apenas ap\u00f3s o registro do atestado de \u00f3bito e do resultado do exame do paciente no sistema da Vigil\u00e2ncia Epidemiol\u00f3gica, o que \u00e9 feito por equipe administrativa. Trata-se de medida de seguran\u00e7a para evitar erro na informa\u00e7\u00e3o divulgada pela Secretaria de Sa\u00fade.<br>A Secretaria acrescenta, ainda, que trabalha na atualiza\u00e7\u00e3o de dados de notifica\u00e7\u00f5es e casos em an\u00e1lise no sistema, inserindo ainda dados pendentes de meses anteriores. \u00c9 poss\u00edvel acompanhar a evolu\u00e7\u00e3o dos casos no portal da transpar\u00eancia do coronav\u00edrus, no site da Prefeitura (www.petropolis.rj.gov.br).<\/p>\n\n\n\n<p>\u00d3bitos registrados:<\/p>\n\n\n\n<p>Homem, 54 anos, morador no Alto da Serra. Internado em 15.12.2020 no PSLS. \u00d3bito registrado em 15.12.2020 no PSLS. Paciente sem comorbidades.<\/p>\n\n\n\n<p>Homem, 73 anos, morador no Brejal. Internado em 27.07.2021 na UPA Centro. \u00d3bito registrado em 28.07.2021 na UPA Centro. Paciente sem comorbidades.<\/p>\n\n\n\n<p>Mulher, 60 anos, moradora em Nogueira. Internada em 02.08.2021 no Hospital Unimed. \u00d3bito registrado em 10.08.2021 no Hospital Unimed. Paciente com pneumopatia cr\u00f4nica e doen\u00e7a cardiovascular cr\u00f4nica.<\/p>\n","protected":false},"excerpt":{"rendered":"<p>A taxa de ocupa\u00e7\u00e3o de leitos para pacientes com covid-19 no Sistema \u00danico de Sa\u00fade<\/p>\n","protected":false},"author":2,"featured_media":19280,"comment_status":"open","ping_status":"open","sticky":false,"template":"","format":"standard","meta":{"footnotes":""},"categories":[12],"tags":[],"class_list":["post-19279","post","type-post","status-publish","format-standard","has-post-thumbnail","hentry","category-cidade"],"_links":{"self":[{"href":"https:\/\/tvc16.com\/portal\/wp-json\/wp\/v2\/posts\/19279","targetHints":{"allow":["GET"]}}],"collection":[{"href":"https:\/\/tvc16.com\/portal\/wp-json\/wp\/v2\/posts"}],"about":[{"href":"https:\/\/tvc16.com\/portal\/wp-json\/wp\/v2\/types\/post"}],"author":[{"embeddable":true,"href":"https:\/\/tvc16.com\/portal\/wp-json\/wp\/v2\/users\/2"}],"replies":[{"embeddable":true,"href":"https:\/\/tvc16.com\/portal\/wp-json\/wp\/v2\/comments?post=19279"}],"version-history":[{"count":1,"href":"https:\/\/tvc16.com\/portal\/wp-json\/wp\/v2\/posts\/19279\/revisions"}],"predecessor-version":[{"id":19281,"href":"https:\/\/tvc16.com\/portal\/wp-json\/wp\/v2\/posts\/19279\/revisions\/19281"}],"wp:featuredmedia":[{"embeddable":true,"href":"https:\/\/tvc16.com\/portal\/wp-json\/wp\/v2\/media\/19280"}],"wp:attachment":[{"href":"https:\/\/tvc16.com\/portal\/wp-json\/wp\/v2\/media?parent=19279"}],"wp:term":[{"taxonomy":"category","embeddable":true,"href":"https:\/\/tvc16.com\/portal\/wp-json\/wp\/v2\/categories?post=19279"},{"taxonomy":"post_tag","embeddable":true,"href":"https:\/\/tvc16.com\/portal\/wp-json\/wp\/v2\/tags?post=19279"}],"curies":[{"name":"wp","href":"https:\/\/api.w.org\/{rel}","templated":true}]}}