{"id":19285,"date":"2021-08-13T12:05:18","date_gmt":"2021-08-13T15:05:18","guid":{"rendered":"https:\/\/tvc16.com\/portal\/?p=19285"},"modified":"2021-08-13T12:05:20","modified_gmt":"2021-08-13T15:05:20","slug":"mais-de-167-mil-pessoas-tomaram-a-1a-dose-da-vacina-contra-a-covid-19","status":"publish","type":"post","link":"https:\/\/tvc16.com\/portal\/2021\/08\/13\/mais-de-167-mil-pessoas-tomaram-a-1a-dose-da-vacina-contra-a-covid-19\/","title":{"rendered":"Mais de 167 mil pessoas tomaram a 1\u00aa dose da vacina contra a covid-19"},"content":{"rendered":"\n<p>As equipes de enfermagem, sob coordena\u00e7\u00e3o do departamento de Vigil\u00e2ncia em Sa\u00fade, deram sequ\u00eancia na quinta-feira (12\/08) a vacina\u00e7\u00e3o contra a covid-19. Durante todo o dia, 3.565 pessoas foram vacinadas na cidade. Destas 2.616 receberam a primeira dose e 949 receberam a segunda dose do imunizante. At\u00e9 o momento 167.621 pessoas receberam a primeira dose, 72.931 receberam a segunda dose e 6.805 receberam a dose \u00fanica do imunizante. Por conta da log\u00edstica de informa\u00e7\u00f5es para fechamento dos dados o boletim da vacina\u00e7\u00e3o passou a ser divulgado na parte da manh\u00e3.&nbsp;<\/p>\n\n\n\n<p>Nos pontos de imuniza\u00e7\u00e3o foram vacinados 163 idoso, sendo oito com a primeira dose e 155 com a segunda dose. A primeira dose da vacina foi aplicada em 2.552 pessoas com idade entre 31 e 59 anos sem comorbidades. Nesta faixa et\u00e1ria abaixo de 59 anos tamb\u00e9m receberam a segunda dose, 140 pessoas.&nbsp;<\/p>\n\n\n\n<p>Tamb\u00e9m receberam a vacina, 479 pessoas com comorbidades, sendo 14 com a primeira dose e 465 com a segunda dose. Quatro deficientes tamb\u00e9m receberam a segunda dose.&nbsp;<\/p>\n\n\n\n<p>A vacina foi aplicada ainda em 21 gestantes, sendo seis com a primeira dose e 15 com a segunda. Tamb\u00e9m foram vacinadas 37 pu\u00e9rperas, sendo 29 com a primeira dose e oito com a segunda.&nbsp;&nbsp;<\/p>\n\n\n\n<p>Equipes vacinaram tamb\u00e9m 167 profissionais de Sa\u00fade, sendo sete com a primeira dose e 160 com a segunda. Tamb\u00e9m receberam a segunda dose da vacina,&nbsp; um profissional de transporte e um&nbsp; integrante de For\u00e7as de Seguran\u00e7a.&nbsp;<\/p>\n\n\n\n<p>A campanha de imuniza\u00e7\u00e3o contra a covid-19 segue nesta sexta (13\/08), com a vacina\u00e7\u00e3o de pessoas acima de 30 anos sem comorbidades. Para a vacina\u00e7\u00e3o \u00e9 necess\u00e1rio preencher o cadastro no site da prefeitura (www.petropolis.rj.gov.br).&nbsp;<\/p>\n\n\n\n<p>A vacina\u00e7\u00e3o contra a covid-19 acontece em 13 pontos distribu\u00eddos nos cinco distritos.<\/p>\n\n\n\n<p>Em caso de d\u00favidas \u00e9 poss\u00edvel utilizar o Whatsapp da Sa\u00fade &#8211; assistente virtual que fornece informa\u00e7\u00f5es sobre a vacina\u00e7\u00e3o, locais de atendimento a pacientes com sintomas da doen\u00e7a e boletins. O atendimento est\u00e1 dispon\u00edvel pelo n\u00famero (24) 9.9200-1428<\/p>\n","protected":false},"excerpt":{"rendered":"<p>As equipes de enfermagem, sob coordena\u00e7\u00e3o do departamento de Vigil\u00e2ncia em Sa\u00fade, deram sequ\u00eancia na<\/p>\n","protected":false},"author":2,"featured_media":19088,"comment_status":"open","ping_status":"open","sticky":false,"template":"","format":"standard","meta":{"footnotes":""},"categories":[12],"tags":[],"class_list":["post-19285","post","type-post","status-publish","format-standard","has-post-thumbnail","hentry","category-cidade"],"_links":{"self":[{"href":"https:\/\/tvc16.com\/portal\/wp-json\/wp\/v2\/posts\/19285","targetHints":{"allow":["GET"]}}],"collection":[{"href":"https:\/\/tvc16.com\/portal\/wp-json\/wp\/v2\/posts"}],"about":[{"href":"https:\/\/tvc16.com\/portal\/wp-json\/wp\/v2\/types\/post"}],"author":[{"embeddable":true,"href":"https:\/\/tvc16.com\/portal\/wp-json\/wp\/v2\/users\/2"}],"replies":[{"embeddable":true,"href":"https:\/\/tvc16.com\/portal\/wp-json\/wp\/v2\/comments?post=19285"}],"version-history":[{"count":1,"href":"https:\/\/tvc16.com\/portal\/wp-json\/wp\/v2\/posts\/19285\/revisions"}],"predecessor-version":[{"id":19286,"href":"https:\/\/tvc16.com\/portal\/wp-json\/wp\/v2\/posts\/19285\/revisions\/19286"}],"wp:featuredmedia":[{"embeddable":true,"href":"https:\/\/tvc16.com\/portal\/wp-json\/wp\/v2\/media\/19088"}],"wp:attachment":[{"href":"https:\/\/tvc16.com\/portal\/wp-json\/wp\/v2\/media?parent=19285"}],"wp:term":[{"taxonomy":"category","embeddable":true,"href":"https:\/\/tvc16.com\/portal\/wp-json\/wp\/v2\/categories?post=19285"},{"taxonomy":"post_tag","embeddable":true,"href":"https:\/\/tvc16.com\/portal\/wp-json\/wp\/v2\/tags?post=19285"}],"curies":[{"name":"wp","href":"https:\/\/api.w.org\/{rel}","templated":true}]}}