{"id":19290,"date":"2021-08-13T12:28:53","date_gmt":"2021-08-13T15:28:53","guid":{"rendered":"https:\/\/tvc16.com\/portal\/?p=19290"},"modified":"2021-08-13T12:28:56","modified_gmt":"2021-08-13T15:28:56","slug":"trabalhadores-nascidos-em-setembro-podem-sacar-auxilio-emergencial-3","status":"publish","type":"post","link":"https:\/\/tvc16.com\/portal\/2021\/08\/13\/trabalhadores-nascidos-em-setembro-podem-sacar-auxilio-emergencial-3\/","title":{"rendered":"Trabalhadores nascidos em setembro podem sacar aux\u00edlio emergencial"},"content":{"rendered":"\n<h3 class=\"wp-block-heading\">Parcela foi depositada em&nbsp;27 de julho<\/h3>\n\n\n\n<ul class=\"wp-block-list\"><li>Por Wellton M\u00e1ximo \u2013 Rep\u00f3rter da Ag\u00eancia Brasil* &#8211; Bras\u00edlia<\/li><\/ul>\n\n\n\n<p>Trabalhadores informais e inscritos no Cadastro \u00danico para Programas Sociais do Governo Federal (Cad\u00danico) nascidos em setembro podem sacar, a partir de&nbsp;hoje&nbsp;(13) a&nbsp;quarta&nbsp;parcela do aux\u00edlio emergencial 2021. O dinheiro foi depositado nas contas poupan\u00e7a digitais da Caixa Econ\u00f4mica Federal em&nbsp;27 de julho.<img decoding=\"async\" src=\"https:\/\/agenciabrasil.ebc.com.br\/ebc.png?id=1418365&amp;o=node\"><img decoding=\"async\" src=\"https:\/\/agenciabrasil.ebc.com.br\/ebc.gif?id=1418365&amp;o=node\"><\/p>\n\n\n\n<p>Os recursos tamb\u00e9m podem&nbsp;ser transferidos para uma conta-corrente, sem custos para o usu\u00e1rio. At\u00e9 agora, o dinheiro apenas podia ser movimentado por meio do aplicativo Caixa Tem, que permite o pagamento de contas&nbsp;dom\u00e9sticas (\u00e1gua, luz, telefone e g\u00e1s), de boletos, compras em lojas virtuais ou compras com o c\u00f3digo QR (vers\u00e3o avan\u00e7ada do c\u00f3digo de barras) em maquininhas de estabelecimentos parceiros.<\/p>\n\n\n\n<p>Em caso de d\u00favidas, a central telef\u00f4nica 111 da Caixa funciona de&nbsp;segunda&nbsp;a&nbsp;domingo, das 7h \u00e0s 22h. Al\u00e9m disso, o benefici\u00e1rio pode consultar o&nbsp;<em>site<\/em>&nbsp;<a href=\"https:\/\/auxilio.caixa.gov.br\/#\/inicio\" target=\"_blank\" rel=\"noreferrer noopener\">auxilio.caixa.gov.br<\/a>.<\/p>\n\n\n\n<p>O saque originalmente estava previsto para ocorrer em&nbsp;3 de setembro, mas foi antecipado em tr\u00eas semanas por decis\u00e3o da Caixa. Segundo o banco, a adapta\u00e7\u00e3o dos sistemas tecnol\u00f3gicos e dos benefici\u00e1rios ao sistema de pagamento do aux\u00edlio emergencial permitiu o adiantamento do calend\u00e1rio.<\/p>\n\n\n\n<p>O aux\u00edlio emergencial foi criado em abril do ano passado pelo governo federal para atender pessoas vulner\u00e1veis afetadas pela pandemia de covid-19. Ele foi pago em cinco parcelas de R$ 600 ou R$ 1,2 mil para m\u00e3es chefes de fam\u00edlia monoparental e, depois, estendido at\u00e9&nbsp;31 de dezembro&nbsp;de 2020 em at\u00e9 quatro parcelas de R$ 300 ou R$ 600 cada.<\/p>\n\n\n\n<p>Neste ano, a nova rodada de pagamentos, durante sete meses, prev\u00ea parcelas de R$ 150 a R$ 375, dependendo do perfil: as fam\u00edlias, em geral, recebem R$ 250; a fam\u00edlia monoparental, chefiada por uma mulher, recebe R$ 375; e pessoas que moram sozinhas recebem R$ 150.<br>&nbsp;<\/p>\n\n\n\n<figure class=\"wp-block-image\"><img decoding=\"async\" src=\"https:\/\/imagens.ebc.com.br\/j0kkvvOLAJ7jPyq8Dmj3OY2BfyQ=\/754x0\/smart\/https:\/\/agenciabrasil.ebc.com.br\/sites\/default\/files\/thumbnails\/image\/calendario-saque-parcela-4-700x700.jpg?itok=MgCvqur_\" alt=\"Calend\u00e1rio com as datas dos saques da quarta parcela do aux\u00edlio emergencial.\" title=\"Divulga\u00e7\u00e3o\/ Caixa\"\/><\/figure>\n\n\n\n<p>Calend\u00e1rio com as datas dos saques da quarta parcela do aux\u00edlio emergencial. &#8211;&nbsp;<strong>Divulga\u00e7\u00e3o\/ Caixa<\/strong><\/p>\n\n\n\n<h2 class=\"wp-block-heading\">Regras<\/h2>\n\n\n\n<p>Pelas regras estabelecidas, o aux\u00edlio \u00e9&nbsp;pago \u00e0s fam\u00edlias com renda mensal total de at\u00e9 tr\u00eas sal\u00e1rios m\u00ednimos, desde que a renda por pessoa seja inferior a meio sal\u00e1rio m\u00ednimo. \u00c9 necess\u00e1rio que o benefici\u00e1rio j\u00e1 tenha sido considerado eleg\u00edvel at\u00e9 o m\u00eas&nbsp;de dezembro&nbsp;de 2020, pois n\u00e3o h\u00e1 nova fase de inscri\u00e7\u00f5es. Para quem recebe o Bolsa Fam\u00edlia, continua valendo a regra do valor mais vantajoso, seja a parcela paga no programa social, seja a do aux\u00edlio emergencial.<\/p>\n\n\n\n<p>O programa se encerraria com a\u00a0quarta\u00a0parcela, depositada em julho e sacada em agosto, mas foi\u00a0<a rel=\"noreferrer noopener\" href=\"https:\/\/agenciabrasil.ebc.com.br\/politica\/noticia\/2021-07\/governo-prorroga-auxilio-emergencial-por-mais-tres-meses\" target=\"_blank\">prorrogado at\u00e9 outubro<\/a>, com os mesmos valores para o benef\u00edcio.<\/p>\n\n\n\n<p><em>* Colaborou Andreia Verd\u00e9lio<\/em><\/p>\n\n\n\n<p>Edi\u00e7\u00e3o: Gra\u00e7a Adjuto<\/p>\n","protected":false},"excerpt":{"rendered":"<p>Parcela foi depositada em&nbsp;27 de julho Por Wellton M\u00e1ximo \u2013 Rep\u00f3rter da Ag\u00eancia Brasil* &#8211;<\/p>\n","protected":false},"author":2,"featured_media":19291,"comment_status":"open","ping_status":"open","sticky":false,"template":"","format":"standard","meta":{"footnotes":""},"categories":[17],"tags":[],"class_list":["post-19290","post","type-post","status-publish","format-standard","has-post-thumbnail","hentry","category-outras-noticias"],"_links":{"self":[{"href":"https:\/\/tvc16.com\/portal\/wp-json\/wp\/v2\/posts\/19290","targetHints":{"allow":["GET"]}}],"collection":[{"href":"https:\/\/tvc16.com\/portal\/wp-json\/wp\/v2\/posts"}],"about":[{"href":"https:\/\/tvc16.com\/portal\/wp-json\/wp\/v2\/types\/post"}],"author":[{"embeddable":true,"href":"https:\/\/tvc16.com\/portal\/wp-json\/wp\/v2\/users\/2"}],"replies":[{"embeddable":true,"href":"https:\/\/tvc16.com\/portal\/wp-json\/wp\/v2\/comments?post=19290"}],"version-history":[{"count":1,"href":"https:\/\/tvc16.com\/portal\/wp-json\/wp\/v2\/posts\/19290\/revisions"}],"predecessor-version":[{"id":19292,"href":"https:\/\/tvc16.com\/portal\/wp-json\/wp\/v2\/posts\/19290\/revisions\/19292"}],"wp:featuredmedia":[{"embeddable":true,"href":"https:\/\/tvc16.com\/portal\/wp-json\/wp\/v2\/media\/19291"}],"wp:attachment":[{"href":"https:\/\/tvc16.com\/portal\/wp-json\/wp\/v2\/media?parent=19290"}],"wp:term":[{"taxonomy":"category","embeddable":true,"href":"https:\/\/tvc16.com\/portal\/wp-json\/wp\/v2\/categories?post=19290"},{"taxonomy":"post_tag","embeddable":true,"href":"https:\/\/tvc16.com\/portal\/wp-json\/wp\/v2\/tags?post=19290"}],"curies":[{"name":"wp","href":"https:\/\/api.w.org\/{rel}","templated":true}]}}