{"id":19303,"date":"2021-08-13T13:15:31","date_gmt":"2021-08-13T16:15:31","guid":{"rendered":"https:\/\/tvc16.com\/portal\/?p=19303"},"modified":"2021-08-13T13:15:33","modified_gmt":"2021-08-13T16:15:33","slug":"traficante-tenta-fugir-mas-acaba-preso-pela-policia-militar-no-independencia","status":"publish","type":"post","link":"https:\/\/tvc16.com\/portal\/2021\/08\/13\/traficante-tenta-fugir-mas-acaba-preso-pela-policia-militar-no-independencia\/","title":{"rendered":"Traficante tenta fugir, mas acaba preso pela Pol\u00edcia Militar no Independ\u00eancia \u00a0\u00a0 \u00a0\u00a0\u00a0\u00a0\u00a0\u00a0\u00a0\u00a0\u00a0\u00a0\u00a0\u00a0\u00a0\u00a0\u00a0 \u00a0\u00a0\u00a0\u00a0\u00a0\u00a0\u00a0\u00a0\u00a0\u00a0\u00a0\u00a0\u00a0\u00a0\u00a0 \u00a0\u00a0\u00a0\u00a0\u00a0\u00a0\u00a0\u00a0\u00a0\u00a0\u00a0\u00a0\u00a0\u00a0\u00a0 \u00a0\u00a0\u00a0\u00a0\u00a0\u00a0\u00a0\u00a0\u00a0\u00a0\u00a0\u00a0\u00a0\u00a0\u00a0 \u00a0\u00a0\u00a0\u00a0\u00a0\u00a0\u00a0\u00a0\u00a0\u00a0\u00a0\u00a0\u00a0\u00a0\u00a0"},"content":{"rendered":"\n<p> Na madrugada de hoje (13), um homem de 23 anos foi preso pela Pol\u00edcia Militar por tr\u00e1fico de drogas. Ele foi capturado durante uma a\u00e7\u00e3o realizada no ponto final da Rua Cacilda Becker, no Independ\u00eancia, onde segundo os agentes funciona uma boca de fumo. Com ele os PMs encontraram uma pochete com 47 pedras de crack, 13 c\u00e1psulas de coca\u00edna, dois tabletes de maconha e R$ 74 em dinheiro. Diante disso, ele foi levado para a 105\u00aa Delegacia de Pol\u00edcia, no Retiro, onde foi autuado por tr\u00e1fico de drogas. <\/p>\n\n\n\n<p><\/p>\n","protected":false},"excerpt":{"rendered":"<p>Na madrugada de hoje (13), um homem de 23 anos foi preso pela Pol\u00edcia Militar<\/p>\n","protected":false},"author":2,"featured_media":19304,"comment_status":"open","ping_status":"open","sticky":false,"template":"","format":"standard","meta":{"footnotes":""},"categories":[12],"tags":[],"class_list":["post-19303","post","type-post","status-publish","format-standard","has-post-thumbnail","hentry","category-cidade"],"_links":{"self":[{"href":"https:\/\/tvc16.com\/portal\/wp-json\/wp\/v2\/posts\/19303","targetHints":{"allow":["GET"]}}],"collection":[{"href":"https:\/\/tvc16.com\/portal\/wp-json\/wp\/v2\/posts"}],"about":[{"href":"https:\/\/tvc16.com\/portal\/wp-json\/wp\/v2\/types\/post"}],"author":[{"embeddable":true,"href":"https:\/\/tvc16.com\/portal\/wp-json\/wp\/v2\/users\/2"}],"replies":[{"embeddable":true,"href":"https:\/\/tvc16.com\/portal\/wp-json\/wp\/v2\/comments?post=19303"}],"version-history":[{"count":1,"href":"https:\/\/tvc16.com\/portal\/wp-json\/wp\/v2\/posts\/19303\/revisions"}],"predecessor-version":[{"id":19305,"href":"https:\/\/tvc16.com\/portal\/wp-json\/wp\/v2\/posts\/19303\/revisions\/19305"}],"wp:featuredmedia":[{"embeddable":true,"href":"https:\/\/tvc16.com\/portal\/wp-json\/wp\/v2\/media\/19304"}],"wp:attachment":[{"href":"https:\/\/tvc16.com\/portal\/wp-json\/wp\/v2\/media?parent=19303"}],"wp:term":[{"taxonomy":"category","embeddable":true,"href":"https:\/\/tvc16.com\/portal\/wp-json\/wp\/v2\/categories?post=19303"},{"taxonomy":"post_tag","embeddable":true,"href":"https:\/\/tvc16.com\/portal\/wp-json\/wp\/v2\/tags?post=19303"}],"curies":[{"name":"wp","href":"https:\/\/api.w.org\/{rel}","templated":true}]}}