{"id":19307,"date":"2021-08-13T13:32:00","date_gmt":"2021-08-13T16:32:00","guid":{"rendered":"https:\/\/tvc16.com\/portal\/?p=19307"},"modified":"2021-08-13T13:32:03","modified_gmt":"2021-08-13T16:32:03","slug":"evento-gratuito-ensina-como-conseguir-um-estagio-ainda-neste-ano","status":"publish","type":"post","link":"https:\/\/tvc16.com\/portal\/2021\/08\/13\/evento-gratuito-ensina-como-conseguir-um-estagio-ainda-neste-ano\/","title":{"rendered":"Evento gratuito ensina como conseguir um est\u00e1gio ainda neste ano"},"content":{"rendered":"\n<p>Est\u00e1cio e Academia do Universit\u00e1rio v\u00e3o aproximar estudantes de profissionais que s\u00e3o refer\u00eancias em desenvolvimento profissional<\/p>\n\n\n\n<p>O est\u00e1gio, no ensino superior, \u00e9 a porta de entrada dos alunos para o t\u00e3o almejado emprego na \u00e1rea que escolheram trabalhar e, por isso, \u00e9 imprescind\u00edvel que as institui\u00e7\u00f5es de ensino criem meios e canais para garantir que isso ocorra. Pensando nisso, a Est\u00e1cio, institui\u00e7\u00e3o que possui mais de 600 mil alunos distribu\u00eddos na gradua\u00e7\u00e3o e a p\u00f3s-gradua\u00e7\u00e3o, se uniu \u00e0 Academia do Universit\u00e1rio, empresa que capacita e oferece diversas oportunidades para os alunos seguirem nas suas carreiras, para juntas realizarem no dia 18 de agosto, Dia do Estagi\u00e1rio, um encontro virtual para celebrar a data.<br>O encontro, gratuito e aberto ao p\u00fablico \u2013 independentemente de ser aluno da Est\u00e1cio ou n\u00e3o \u2013 tem, aproveitando o retorno gradual do mercado de trabalho e o avan\u00e7o da vacina\u00e7\u00e3o contra \u00e0 Covid-19, a inten\u00e7\u00e3o de conectar universit\u00e1rios a profissionais com s\u00f3lida atua\u00e7\u00e3o no mercado de trabalho, e que podem, pela sua experi\u00eancia, auxili\u00e1-los com d\u00favidas, dicas e orienta\u00e7\u00f5es sobre como come\u00e7ar o novo semestre com melhores chances de conquistar uma oportunidade de est\u00e1gio em \u00f3timas empresas. Dividido em tr\u00eas per\u00edodos \u2013 manh\u00e3, tarde e noite \u2013 as palestras ser\u00e3o transmitidas ao vivo pelo Youtube da Academia do Universit\u00e1rio.<br>Com media\u00e7\u00e3o de Diego Cidade, CEO &amp; Fundador da Academia do Universit\u00e1rio, as palestras ser\u00e3o focadas em tirar d\u00favidas jur\u00eddicas sobre a lei do est\u00e1gio, falar sobre a import\u00e2ncia de sair da zona de conforto, de formas de contrata\u00e7\u00e3o na atualidade e de empoderamento e protagonismo universit\u00e1rio. Os palestrantes, refer\u00eancias em desenvolvimento profissional, s\u00e3o: Rodrigo Fontes, Coutry Director Brasil \u2013 Tinder; Ricardo Dias, Fundador \u2013 Adventure, INC; Jo\u00e3o Branco, VP Marketing \u2013 Mc Donald\u00b4s; Illana Kern, Head of People Design BU \u2013 Ambev; Paula Caldas, S\u00eanior Operation Manager LATAM \u2013 Uber e; Paula Benevides, VP Desenvolvimento Humano e Organizacional \u2013 Ra\u00edzen.<br>&#8220;Sabemos o quanto o est\u00e1gio \u00e9 importante na vida de todo estudante. A partir de um est\u00e1gio, a vida pode mudar. Preparamos um dia com informa\u00e7\u00e3o, inspira\u00e7\u00e3o e reflex\u00e3o. Queremos mostrar o passo a passo de como come\u00e7ar a estagiar, contar o que o mercado est\u00e1 procurando, al\u00e9m de trazer grandes profissionais para deixar o dia ainda mais especial. Estamos felizes e ansiosos com a parceria com a Academia do Universit\u00e1rio, que tanto contribui para o desenvolvimento deste tema&#8221;, afirma Fernanda Vio, gerente de Carreiras da Est\u00e1cio e idealizadora do evento.<br>Diego Cidade, CEO da Academia do Universit\u00e1rio, explica que a empresa nasceu dentro da universidade entendendo a real dor dos estudantes.<br>\u201cA proposta do Dia do Estagi\u00e1rio \u00e9 desmistificar a trajet\u00f3ria profissional do estudante universit\u00e1rio de ponta a ponta. No evento, vamos mergulhar em tr\u00eas pilares chaves: pr\u00e9-est\u00e1gio, est\u00e1gio e efetiva\u00e7\u00e3o. O estudante que participar pode esperar as principais dicas que v\u00e3o lev\u00e1-lo ao seu pr\u00f3ximo objetivo profissional. N\u00e3o importa de onde ele seja ou o que ele quer fazer. N\u00f3s vamos ajudar, diz Cidade.<br>Eventos desse tipo, lembra Matheus Sobral, CMO Academia do Universit\u00e1rio, eram raros na \u00e9poca em que era universit\u00e1rio \u00e0 procura de um est\u00e1gio.<br>\u201cCriamos a empresa com o objetivo de sanar d\u00favidas e medos sobre como conseguir uma oportunidade. Fico feliz por hoje sermos uma ponte entre a universidade e o mercado de trabalho e trazer oportunidades desse tipo. Aos poucos, sinto que nosso sonho por um mercado de trabalho acess\u00edvel se tornar\u00e1 poss\u00edvel&#8221;, salienta Sobral.<\/p>\n\n\n\n<p>Acesse a programa\u00e7\u00e3o completa em https:\/\/bit.ly\/DiaDoEstagiario-2021<\/p>\n\n\n\n<p>Servi\u00e7o<br>Evento: Dia do Estagi\u00e1rio<br>Data: 18 de agosto<br>Hor\u00e1rio: Das 11h \u00e0s 19h<br>Inscri\u00e7\u00f5es: https:\/\/bit.ly\/DiaDoEstagiario-2021<\/p>\n\n\n\n<p>Sobre a Est\u00e1cio<br>A Est\u00e1cio \u00e9 uma das maiores e mais respeitadas institui\u00e7\u00f5es do setor educacional brasileiro. H\u00e1 mais de 50 anos, proporciona acesso a um ensino de qualidade em larga escala e de maneira \u00fanica. \u00c9 uma das institui\u00e7\u00f5es pioneiras tamb\u00e9m no ensino digital, na utiliza\u00e7\u00e3o de aplicativos educacionais e games de aprendizagem. Oferece aulas din\u00e2micas, com material interativo para que o aluno absorva com qualidade o conte\u00fado acad\u00eamico. Est\u00e1 presente em 25 estados e no Distrito Federal, por meio do ensino presencial, e em todo o Brasil com o ensino digital, contando com mais de 600 mil alunos matriculados.<\/p>\n\n\n\n<p>A institui\u00e7\u00e3o oferece cursos de Gradua\u00e7\u00e3o e P\u00f3s-gradua\u00e7\u00e3o e cursos de extens\u00e3o. Aposta na tecnologia e na inova\u00e7\u00e3o como diferenciais para aprimorar o aprendizado, com curr\u00edculos alinhados \u00e0s necessidades do mercado de trabalho. A busca constante pela qualidade acad\u00eamica e os investimentos na \u00e1rea de ensino geraram \u00f3timos resultados nos \u00faltimos anos &#8211; suas institui\u00e7\u00f5es e cursos e s\u00e3o reconhecidos pelo MEC com elevados conceitos de qualidade.<\/p>\n\n\n\n<p>Sobre a Academia do Universit\u00e1rio<br>A Academia do Universit\u00e1rio, que nasceu em busca de ajudar os 90% de universit\u00e1rios no Brasil que ainda n\u00e3o possuem est\u00e1gio, \u00e9 uma das HRTechs que mais impactam a Educa\u00e7\u00e3o Brasileira. Alcan\u00e7ando at\u00e9 hoje mais de 3 milh\u00f5es de universit\u00e1rios a startup recruta, seleciona e desenvolve, atrav\u00e9s de uma metodologia pr\u00f3pria completamente focada na acelera\u00e7\u00e3o de jovens talentos, super estagi\u00e1rios para super empresas que assumiram o compromisso de investir em seus estagi\u00e1rios.<br>Todos os candidatos de processos seletivos de est\u00e1gio aprendem as principais habilidades do s\u00e9culo XXI atrav\u00e9s de uma trilha de aprendizagem, sendo seu engajamento e evolu\u00e7\u00e3o durante o processo seletivo metrificado. Com uma visualiza\u00e7\u00e3o m\u00e9dia de 40.000 universit\u00e1rios por processo seletivo, a Academia Do Universit\u00e1rio \u00e9 respons\u00e1vel tamb\u00e9m pela maior comunidade de est\u00e1gio da Am\u00e9rica Latina, a Comunidade Do Est\u00e1gio.<\/p>\n","protected":false},"excerpt":{"rendered":"<p>Est\u00e1cio e Academia do Universit\u00e1rio v\u00e3o aproximar estudantes de profissionais que s\u00e3o refer\u00eancias em desenvolvimento<\/p>\n","protected":false},"author":2,"featured_media":19308,"comment_status":"open","ping_status":"open","sticky":false,"template":"","format":"standard","meta":{"footnotes":""},"categories":[12],"tags":[],"class_list":["post-19307","post","type-post","status-publish","format-standard","has-post-thumbnail","hentry","category-cidade"],"_links":{"self":[{"href":"https:\/\/tvc16.com\/portal\/wp-json\/wp\/v2\/posts\/19307","targetHints":{"allow":["GET"]}}],"collection":[{"href":"https:\/\/tvc16.com\/portal\/wp-json\/wp\/v2\/posts"}],"about":[{"href":"https:\/\/tvc16.com\/portal\/wp-json\/wp\/v2\/types\/post"}],"author":[{"embeddable":true,"href":"https:\/\/tvc16.com\/portal\/wp-json\/wp\/v2\/users\/2"}],"replies":[{"embeddable":true,"href":"https:\/\/tvc16.com\/portal\/wp-json\/wp\/v2\/comments?post=19307"}],"version-history":[{"count":1,"href":"https:\/\/tvc16.com\/portal\/wp-json\/wp\/v2\/posts\/19307\/revisions"}],"predecessor-version":[{"id":19309,"href":"https:\/\/tvc16.com\/portal\/wp-json\/wp\/v2\/posts\/19307\/revisions\/19309"}],"wp:featuredmedia":[{"embeddable":true,"href":"https:\/\/tvc16.com\/portal\/wp-json\/wp\/v2\/media\/19308"}],"wp:attachment":[{"href":"https:\/\/tvc16.com\/portal\/wp-json\/wp\/v2\/media?parent=19307"}],"wp:term":[{"taxonomy":"category","embeddable":true,"href":"https:\/\/tvc16.com\/portal\/wp-json\/wp\/v2\/categories?post=19307"},{"taxonomy":"post_tag","embeddable":true,"href":"https:\/\/tvc16.com\/portal\/wp-json\/wp\/v2\/tags?post=19307"}],"curies":[{"name":"wp","href":"https:\/\/api.w.org\/{rel}","templated":true}]}}