{"id":19310,"date":"2021-08-13T13:54:31","date_gmt":"2021-08-13T16:54:31","guid":{"rendered":"https:\/\/tvc16.com\/portal\/?p=19310"},"modified":"2021-08-13T13:54:33","modified_gmt":"2021-08-13T16:54:33","slug":"homem-e-preso-por-porte-ilegal-de-arma-de-fogo-no-retiro","status":"publish","type":"post","link":"https:\/\/tvc16.com\/portal\/2021\/08\/13\/homem-e-preso-por-porte-ilegal-de-arma-de-fogo-no-retiro\/","title":{"rendered":"Homem \u00e9 preso por porte ilegal de arma de fogo no Retiro"},"content":{"rendered":"\n<p>Nesta quinta-feira (12), a Pol\u00edcia Militar recebeu den\u00fancias an\u00f4nimas sobre um homem que teria uma arma em casa, na Rua Felipe Camar\u00e3o, no Retiro. Ao chegarem o endere\u00e7o indicado, e terem autoriza\u00e7\u00e3o para revistarem o im\u00f3vel, foi encontrado um rev\u00f3lver calibre 38. O suspeito foi preso em flagrante e levado para a 105\u00aa Delegacia de Pol\u00edcia. Em sede policial ele foi autuado por posse ilegal de arma de fogo. Participaram da a\u00e7\u00e3o os cabos Prazeres, Dniz e Pacheco.<\/p>\n","protected":false},"excerpt":{"rendered":"<p>Nesta quinta-feira (12), a Pol\u00edcia Militar recebeu den\u00fancias an\u00f4nimas sobre um homem que teria uma<\/p>\n","protected":false},"author":2,"featured_media":19311,"comment_status":"open","ping_status":"open","sticky":false,"template":"","format":"standard","meta":{"footnotes":""},"categories":[12],"tags":[],"class_list":["post-19310","post","type-post","status-publish","format-standard","has-post-thumbnail","hentry","category-cidade"],"_links":{"self":[{"href":"https:\/\/tvc16.com\/portal\/wp-json\/wp\/v2\/posts\/19310","targetHints":{"allow":["GET"]}}],"collection":[{"href":"https:\/\/tvc16.com\/portal\/wp-json\/wp\/v2\/posts"}],"about":[{"href":"https:\/\/tvc16.com\/portal\/wp-json\/wp\/v2\/types\/post"}],"author":[{"embeddable":true,"href":"https:\/\/tvc16.com\/portal\/wp-json\/wp\/v2\/users\/2"}],"replies":[{"embeddable":true,"href":"https:\/\/tvc16.com\/portal\/wp-json\/wp\/v2\/comments?post=19310"}],"version-history":[{"count":1,"href":"https:\/\/tvc16.com\/portal\/wp-json\/wp\/v2\/posts\/19310\/revisions"}],"predecessor-version":[{"id":19312,"href":"https:\/\/tvc16.com\/portal\/wp-json\/wp\/v2\/posts\/19310\/revisions\/19312"}],"wp:featuredmedia":[{"embeddable":true,"href":"https:\/\/tvc16.com\/portal\/wp-json\/wp\/v2\/media\/19311"}],"wp:attachment":[{"href":"https:\/\/tvc16.com\/portal\/wp-json\/wp\/v2\/media?parent=19310"}],"wp:term":[{"taxonomy":"category","embeddable":true,"href":"https:\/\/tvc16.com\/portal\/wp-json\/wp\/v2\/categories?post=19310"},{"taxonomy":"post_tag","embeddable":true,"href":"https:\/\/tvc16.com\/portal\/wp-json\/wp\/v2\/tags?post=19310"}],"curies":[{"name":"wp","href":"https:\/\/api.w.org\/{rel}","templated":true}]}}