{"id":19314,"date":"2021-08-13T19:28:23","date_gmt":"2021-08-13T22:28:23","guid":{"rendered":"https:\/\/tvc16.com\/portal\/?p=19314"},"modified":"2021-10-03T13:38:31","modified_gmt":"2021-10-03T16:38:31","slug":"a-voz-da-cidade","status":"publish","type":"post","link":"https:\/\/tvc16.com\/portal\/2021\/08\/13\/a-voz-da-cidade\/","title":{"rendered":"A Voz da Cidade"},"content":{"rendered":"\n<p>A Voz da Cidade, um telejornal que vai ao ar segundas, quartas e sextas ao vivo \u00e0s 11h30, com reapresenta\u00e7\u00e3o \u00e0s 20h30.<br>Not\u00edcias, entrevistas, den\u00fancias, tudo sob o comando do irreverente e pol\u00eamico apresentador, Nei Carvalho, que j\u00e1 est\u00e1 h\u00e1 8 anos na TV Cidade de Petr\u00f3polis, onde j\u00e1 trabalhou tamb\u00e9m como, apresentador esportivo, narrador, rep\u00f3rter, humorista, e hoje comanda este, que \u00e9 um dos programas l\u00edderes de audi\u00eancia na TV petropolitana.<br>A Voz da Cidade, um sucesso de audi\u00eancia, que d\u00e1 a popula\u00e7\u00e3o de Petr\u00f3polis, Teres\u00f3polis, Nova Friburgo, Tr\u00eas Rios, Para\u00edba do Sul e Paty do Alferes, o direito de reivindicar seus direitos, denunciar e \u201cSoltar o Verbo\u201d.<br>Assista tamb\u00e9m o programa, nas redes sociais da Tv (Instagram e Facebook\/tvcidade) e no YouTube ( tvc16 ).<br>A Voz da Cidade, com Nei Carvalho.<\/p>\n\n\n\n<figure class=\"wp-block-gallery columns-3 wp-block-gallery-1 is-layout-flex wp-block-gallery-is-layout-flex\"><ul class=\"blocks-gallery-grid\"><li class=\"blocks-gallery-item\"><figure><img loading=\"lazy\" decoding=\"async\" width=\"300\" height=\"171\" src=\"https:\/\/tvc16.com\/portal\/wp-content\/uploads\/2021\/08\/WhatsApp-Image-2021-09-16-at-14.37.35-2-300x171.jpeg\" alt=\"\" data-id=\"21083\" data-full-url=\"https:\/\/tvc16.com\/portal\/wp-content\/uploads\/2021\/08\/WhatsApp-Image-2021-09-16-at-14.37.35-2.jpeg\" data-link=\"https:\/\/tvc16.com\/portal\/2021\/08\/13\/a-voz-da-cidade\/whatsapp-image-2021-09-16-at-14-37-35-2\/\" class=\"wp-image-21083\" srcset=\"https:\/\/tvc16.com\/portal\/wp-content\/uploads\/2021\/08\/WhatsApp-Image-2021-09-16-at-14.37.35-2-300x171.jpeg 300w, https:\/\/tvc16.com\/portal\/wp-content\/uploads\/2021\/08\/WhatsApp-Image-2021-09-16-at-14.37.35-2.jpeg 720w\" sizes=\"auto, (max-width: 300px) 100vw, 300px\" \/><\/figure><\/li><li class=\"blocks-gallery-item\"><figure><img loading=\"lazy\" decoding=\"async\" width=\"576\" height=\"1024\" src=\"https:\/\/tvc16.com\/portal\/wp-content\/uploads\/2021\/08\/WhatsApp-Image-2021-09-16-at-14.37.35-1-576x1024.jpeg\" alt=\"\" data-id=\"21082\" data-full-url=\"https:\/\/tvc16.com\/portal\/wp-content\/uploads\/2021\/08\/WhatsApp-Image-2021-09-16-at-14.37.35-1.jpeg\" data-link=\"https:\/\/tvc16.com\/portal\/2021\/08\/13\/a-voz-da-cidade\/whatsapp-image-2021-09-16-at-14-37-35-1\/\" class=\"wp-image-21082\" srcset=\"https:\/\/tvc16.com\/portal\/wp-content\/uploads\/2021\/08\/WhatsApp-Image-2021-09-16-at-14.37.35-1-576x1024.jpeg 576w, https:\/\/tvc16.com\/portal\/wp-content\/uploads\/2021\/08\/WhatsApp-Image-2021-09-16-at-14.37.35-1-169x300.jpeg 169w, https:\/\/tvc16.com\/portal\/wp-content\/uploads\/2021\/08\/WhatsApp-Image-2021-09-16-at-14.37.35-1-768x1365.jpeg 768w, https:\/\/tvc16.com\/portal\/wp-content\/uploads\/2021\/08\/WhatsApp-Image-2021-09-16-at-14.37.35-1-864x1536.jpeg 864w, https:\/\/tvc16.com\/portal\/wp-content\/uploads\/2021\/08\/WhatsApp-Image-2021-09-16-at-14.37.35-1.jpeg 900w\" sizes=\"auto, (max-width: 576px) 100vw, 576px\" \/><\/figure><\/li><li class=\"blocks-gallery-item\"><figure><img loading=\"lazy\" decoding=\"async\" width=\"576\" height=\"1024\" src=\"https:\/\/tvc16.com\/portal\/wp-content\/uploads\/2021\/08\/WhatsApp-Image-2021-09-16-at-14.37.34-576x1024.jpeg\" alt=\"\" data-id=\"21081\" data-full-url=\"https:\/\/tvc16.com\/portal\/wp-content\/uploads\/2021\/08\/WhatsApp-Image-2021-09-16-at-14.37.34.jpeg\" data-link=\"https:\/\/tvc16.com\/portal\/2021\/08\/13\/a-voz-da-cidade\/whatsapp-image-2021-09-16-at-14-37-34\/\" class=\"wp-image-21081\" srcset=\"https:\/\/tvc16.com\/portal\/wp-content\/uploads\/2021\/08\/WhatsApp-Image-2021-09-16-at-14.37.34-576x1024.jpeg 576w, https:\/\/tvc16.com\/portal\/wp-content\/uploads\/2021\/08\/WhatsApp-Image-2021-09-16-at-14.37.34-169x300.jpeg 169w, https:\/\/tvc16.com\/portal\/wp-content\/uploads\/2021\/08\/WhatsApp-Image-2021-09-16-at-14.37.34-768x1365.jpeg 768w, https:\/\/tvc16.com\/portal\/wp-content\/uploads\/2021\/08\/WhatsApp-Image-2021-09-16-at-14.37.34-864x1536.jpeg 864w, https:\/\/tvc16.com\/portal\/wp-content\/uploads\/2021\/08\/WhatsApp-Image-2021-09-16-at-14.37.34.jpeg 900w\" sizes=\"auto, (max-width: 576px) 100vw, 576px\" \/><\/figure><\/li><\/ul><\/figure>\n\n\n\n<figure class=\"wp-block-gallery columns-1 is-cropped wp-block-gallery-2 is-layout-flex wp-block-gallery-is-layout-flex\"><ul class=\"blocks-gallery-grid\"><li class=\"blocks-gallery-item\"><figure><img loading=\"lazy\" decoding=\"async\" width=\"1024\" height=\"1024\" src=\"https:\/\/tvc16.com\/portal\/wp-content\/uploads\/2021\/10\/WhatsApp-Image-2021-10-01-at-14.03.26-1024x1024.jpeg\" alt=\"\" data-id=\"22026\" data-full-url=\"https:\/\/tvc16.com\/portal\/wp-content\/uploads\/2021\/10\/WhatsApp-Image-2021-10-01-at-14.03.26.jpeg\" data-link=\"https:\/\/tvc16.com\/portal\/2021\/08\/13\/a-voz-da-cidade\/whatsapp-image-2021-10-01-at-14-03-26\/\" class=\"wp-image-22026\" srcset=\"https:\/\/tvc16.com\/portal\/wp-content\/uploads\/2021\/10\/WhatsApp-Image-2021-10-01-at-14.03.26.jpeg 1024w, https:\/\/tvc16.com\/portal\/wp-content\/uploads\/2021\/10\/WhatsApp-Image-2021-10-01-at-14.03.26-300x300.jpeg 300w, https:\/\/tvc16.com\/portal\/wp-content\/uploads\/2021\/10\/WhatsApp-Image-2021-10-01-at-14.03.26-150x150.jpeg 150w, https:\/\/tvc16.com\/portal\/wp-content\/uploads\/2021\/10\/WhatsApp-Image-2021-10-01-at-14.03.26-768x768.jpeg 768w\" sizes=\"auto, (max-width: 1024px) 100vw, 1024px\" \/><\/figure><\/li><\/ul><\/figure>\n","protected":false},"excerpt":{"rendered":"<p>A Voz da Cidade, um telejornal que vai ao ar segundas, quartas e sextas ao<\/p>\n","protected":false},"author":1,"featured_media":21084,"comment_status":"open","ping_status":"open","sticky":false,"template":"","format":"standard","meta":{"footnotes":""},"categories":[118],"tags":[],"class_list":["post-19314","post","type-post","status-publish","format-standard","has-post-thumbnail","hentry","category-programacao"],"_links":{"self":[{"href":"https:\/\/tvc16.com\/portal\/wp-json\/wp\/v2\/posts\/19314","targetHints":{"allow":["GET"]}}],"collection":[{"href":"https:\/\/tvc16.com\/portal\/wp-json\/wp\/v2\/posts"}],"about":[{"href":"https:\/\/tvc16.com\/portal\/wp-json\/wp\/v2\/types\/post"}],"author":[{"embeddable":true,"href":"https:\/\/tvc16.com\/portal\/wp-json\/wp\/v2\/users\/1"}],"replies":[{"embeddable":true,"href":"https:\/\/tvc16.com\/portal\/wp-json\/wp\/v2\/comments?post=19314"}],"version-history":[{"count":3,"href":"https:\/\/tvc16.com\/portal\/wp-json\/wp\/v2\/posts\/19314\/revisions"}],"predecessor-version":[{"id":22027,"href":"https:\/\/tvc16.com\/portal\/wp-json\/wp\/v2\/posts\/19314\/revisions\/22027"}],"wp:featuredmedia":[{"embeddable":true,"href":"https:\/\/tvc16.com\/portal\/wp-json\/wp\/v2\/media\/21084"}],"wp:attachment":[{"href":"https:\/\/tvc16.com\/portal\/wp-json\/wp\/v2\/media?parent=19314"}],"wp:term":[{"taxonomy":"category","embeddable":true,"href":"https:\/\/tvc16.com\/portal\/wp-json\/wp\/v2\/categories?post=19314"},{"taxonomy":"post_tag","embeddable":true,"href":"https:\/\/tvc16.com\/portal\/wp-json\/wp\/v2\/tags?post=19314"}],"curies":[{"name":"wp","href":"https:\/\/api.w.org\/{rel}","templated":true}]}}