{"id":19318,"date":"2021-08-13T19:32:00","date_gmt":"2021-08-13T22:32:00","guid":{"rendered":"https:\/\/tvc16.com\/portal\/?p=19318"},"modified":"2021-08-13T19:32:02","modified_gmt":"2021-08-13T22:32:02","slug":"programa-bernardo-filho","status":"publish","type":"post","link":"https:\/\/tvc16.com\/portal\/2021\/08\/13\/programa-bernardo-filho\/","title":{"rendered":"Programa Bernardo Filho"},"content":{"rendered":"\n<p>O Programa Bernardo Filho, est\u00e1 no ar h\u00e1 13 anos. A atra\u00e7\u00e3o leva a seu p\u00fablico,\u00a0 an\u00e1lises,\u00a0 opini\u00f5es pol\u00edticas e assuntos de interesse de Petr\u00f3polis.<\/p>\n\n\n\n<p><br>Bernardo Filho \u00e9 Advogado,(OAB\/RJ 67.446) professor universit\u00e1rio de gradua\u00e7\u00e3o e p\u00f3s gradua\u00e7\u00e3o,\u00a0 jornalista (MT39695\/RJ)\u00a0 e apresentador do Programa Bernardo Filho, que vai ao ar toda quinta-feira \u00e0s 12h30 com duas reapresenta\u00e7\u00f5es: ter\u00e7a-feira as 20h30 e domingo as19h30.<\/p>\n\n\n\n<figure class=\"wp-block-gallery columns-1 wp-block-gallery-1 is-layout-flex wp-block-gallery-is-layout-flex\"><ul class=\"blocks-gallery-grid\"><li class=\"blocks-gallery-item\"><figure><img loading=\"lazy\" decoding=\"async\" width=\"400\" height=\"335\" src=\"https:\/\/tvc16.com\/portal\/wp-content\/uploads\/2021\/08\/WhatsApp-Image-2021-08-11-at-09.43.07-4-e1628893840408.jpeg\" alt=\"\" data-id=\"19319\" data-full-url=\"https:\/\/tvc16.com\/portal\/wp-content\/uploads\/2021\/08\/WhatsApp-Image-2021-08-11-at-09.43.07-4-e1628893840408.jpeg\" data-link=\"https:\/\/tvc16.com\/portal\/?attachment_id=19319\" class=\"wp-image-19319\"\/><\/figure><\/li><\/ul><\/figure>\n","protected":false},"excerpt":{"rendered":"<p>O Programa Bernardo Filho, est\u00e1 no ar h\u00e1 13 anos. A atra\u00e7\u00e3o leva a seu<\/p>\n","protected":false},"author":1,"featured_media":19320,"comment_status":"open","ping_status":"open","sticky":false,"template":"","format":"standard","meta":{"footnotes":""},"categories":[118],"tags":[],"class_list":["post-19318","post","type-post","status-publish","format-standard","has-post-thumbnail","hentry","category-programacao"],"_links":{"self":[{"href":"https:\/\/tvc16.com\/portal\/wp-json\/wp\/v2\/posts\/19318","targetHints":{"allow":["GET"]}}],"collection":[{"href":"https:\/\/tvc16.com\/portal\/wp-json\/wp\/v2\/posts"}],"about":[{"href":"https:\/\/tvc16.com\/portal\/wp-json\/wp\/v2\/types\/post"}],"author":[{"embeddable":true,"href":"https:\/\/tvc16.com\/portal\/wp-json\/wp\/v2\/users\/1"}],"replies":[{"embeddable":true,"href":"https:\/\/tvc16.com\/portal\/wp-json\/wp\/v2\/comments?post=19318"}],"version-history":[{"count":1,"href":"https:\/\/tvc16.com\/portal\/wp-json\/wp\/v2\/posts\/19318\/revisions"}],"predecessor-version":[{"id":19321,"href":"https:\/\/tvc16.com\/portal\/wp-json\/wp\/v2\/posts\/19318\/revisions\/19321"}],"wp:featuredmedia":[{"embeddable":true,"href":"https:\/\/tvc16.com\/portal\/wp-json\/wp\/v2\/media\/19320"}],"wp:attachment":[{"href":"https:\/\/tvc16.com\/portal\/wp-json\/wp\/v2\/media?parent=19318"}],"wp:term":[{"taxonomy":"category","embeddable":true,"href":"https:\/\/tvc16.com\/portal\/wp-json\/wp\/v2\/categories?post=19318"},{"taxonomy":"post_tag","embeddable":true,"href":"https:\/\/tvc16.com\/portal\/wp-json\/wp\/v2\/tags?post=19318"}],"curies":[{"name":"wp","href":"https:\/\/api.w.org\/{rel}","templated":true}]}}