{"id":19341,"date":"2021-08-13T20:25:03","date_gmt":"2021-08-13T23:25:03","guid":{"rendered":"https:\/\/tvc16.com\/portal\/?p=19341"},"modified":"2021-08-13T20:25:05","modified_gmt":"2021-08-13T23:25:05","slug":"53-vagas-de-emprego-estao-disponiveis-no-balcao-de-empregos-da-prefeitura","status":"publish","type":"post","link":"https:\/\/tvc16.com\/portal\/2021\/08\/13\/53-vagas-de-emprego-estao-disponiveis-no-balcao-de-empregos-da-prefeitura\/","title":{"rendered":"53 vagas de emprego est\u00e3o dispon\u00edveis no Balc\u00e3o de Empregos da Prefeitura"},"content":{"rendered":"\n<p>Pessoas com defici\u00eancia (PcD) tem seis vagas \u00e0 disposi\u00e7\u00e3o<\/p>\n\n\n\n<p>O Balc\u00e3o de Emprego, administrado pelo Departamento de Trabalho e Renda (Detra), da Secretaria de Desenvolvimento Econ\u00f4mico, continua a oferecer empregos para a popula\u00e7\u00e3o. Nesta semana s\u00e3o 53 vagas dispon\u00edveis. Na listagem desta semana, seis s\u00e3o destinadas para os portadores de defici\u00eancia (PcD).<\/p>\n\n\n\n<p>O prefeito interino Hingo Hammes destaca import\u00e2ncia desse espa\u00e7o para o petropolitano. \u201cTemos que auxiliar as pessoas que precisam retornar ao mercado de trabalho. O Balc\u00e3o de Emprego tem essa fun\u00e7\u00e3o, de facilitar o contato das empresas que precisam de m\u00e3o de obra, com aquela pessoa que precisa voltar a trabalhar\u201d, afirma.<\/p>\n\n\n\n<p>Os empres\u00e1rios interessados em oferecer vagas de emprego podem disponibilizar as vagas, de forma gratuita, diretamente no site da prefeitura www.petropolis.rj.gov.br\/e-gov\/sde\/balcao_de_empregos\/empresas\/index. Basta fazer o cadastro e informar a vaga.<\/p>\n\n\n\n<p>Para que o candidato possa pleitear uma das vagas \u00e9 necess\u00e1rio que o cadastro e o curr\u00edculo tamb\u00e9m estejam atualizados, para que as empresas possam fazer o contato correto com aquelas pessoas que possuam o perfil para a oportunidade ofertada. Essa atualiza\u00e7\u00e3o \u00e9 feita diretamente no site da prefeitura www.petropolis.rj.gov.br\/e-gov\/sde\/balcao_de_empregos\/candidatos\/add\/. Caso o candidato tenha alguma d\u00favida ou interesse pode procurar o atendimento presencial no Detra, que fica na Dr. Porci\u00fancula 75, Centro. O telefone para contato \u00e9 o 2246-8942.<\/p>\n\n\n\n<p>Vale ressaltar que a prefeitura \u00e9 respons\u00e1vel apenas pela divulga\u00e7\u00e3o das vagas e os encaminhamentos dos candidatos para processo seletivo. Sendo assim, fica a cargo do empregador a responsabilidade pelas entrevistas e poss\u00edveis contrata\u00e7\u00f5es. As 48 vagas dispon\u00edveis desta semana s\u00e3o essas:<\/p>\n\n\n\n<ol class=\"wp-block-list\"><li>Repositor de Mercadorias PCD \/ Ambos os sexos \/ Tr\u00eas vagas \/ Faixa et\u00e1ria de 20 a 55 anos \/ Ensino Fundamental \/ Experi\u00eancia de 6 meses em CTPS<\/li><li>Atendente de Loja e mercados PCD \/ Ambos os sexos \/ Uma vaga \/ Faixa et\u00e1ria de 20 a 55 anos \/ Ensino Fundamental \/ Experi\u00eancia de 6 meses em CTPS<\/li><li>Estampador de Tecido \/ Ambos os sexos \/ Cinco vagas \/ Faixa et\u00e1ria de 18 a 60 anos \/ Ensino Fundamental<\/li><li>Auxiliar de Cortes \/ Masculino \/ Duas vagas \/ Faixa et\u00e1ria de 18 a 48 anos \/ Ensino Fundamental \/ Experi\u00eancia de 6 meses em CTPS<\/li><li>Costureiro \/ Ambos os sexos \/ 18 vagas \/ Faixa et\u00e1ria de 18 a 60 anos \/ Ensino Fundamental \/ Experi\u00eancia de 6 meses em CTPS<\/li><li>Arrematadeira \/ Ambos os sexos \/ Quatro vagas \/ Faixa et\u00e1ria de 18 a 60 anos \/ Ensino Fundamental \/ Experi\u00eancia de 6 meses em CTPS<\/li><li>Ajudante de Motorista \/ Masculino \/ Seis vagas \/ Faixa et\u00e1ria de 18 a 50 anos \/ Ensino Fundamental \/ Experi\u00eancia de 6 meses em CTPS<\/li><li>Motorista de Caminh\u00e3o \/ Masculino \/ 10 vagas \/ Faixa et\u00e1ria de 30 a 50 anos \/ Ensino M\u00e9dio \/ Experi\u00eancia de 6 meses em CTPS \/ CNH D<\/li><li>Embalador PCD \/ Ambos os sexos \/ Uma vaga \/ Faixa et\u00e1ria de 20 a 55 anos \/ Ensino Fundamental \/ Experi\u00eancia de 6 meses em CTPS<\/li><li>Ajudante de A\u00e7ougueiro PCD \/ Ambos os sexos \/ Uma vaga \/ Faixa et\u00e1ria de 25 a 55 anos \/ Ensino Fundamental \/ Experi\u00eancia de 6 meses em CTPS<\/li><li>Pedreiro \/ Masculino \/ Uma vaga \/ Faixa et\u00e1ria de 18 a 60 anos \/ Ensino Fundamental \/ Experi\u00eancia de 6 meses em CTPS<\/li><li>A\u00e7ougueiro \/ Ambos os sexos \/ Uma vaga \/ Faixa et\u00e1ria de 25 a 55 anos \/ Ensino M\u00e9dio \/ Experi\u00eancia de 6 meses em CTPS<\/li><\/ol>\n","protected":false},"excerpt":{"rendered":"<p>Pessoas com defici\u00eancia (PcD) tem seis vagas \u00e0 disposi\u00e7\u00e3o O Balc\u00e3o de Emprego, administrado pelo<\/p>\n","protected":false},"author":2,"featured_media":19342,"comment_status":"open","ping_status":"open","sticky":false,"template":"","format":"standard","meta":{"footnotes":""},"categories":[12],"tags":[],"class_list":["post-19341","post","type-post","status-publish","format-standard","has-post-thumbnail","hentry","category-cidade"],"_links":{"self":[{"href":"https:\/\/tvc16.com\/portal\/wp-json\/wp\/v2\/posts\/19341","targetHints":{"allow":["GET"]}}],"collection":[{"href":"https:\/\/tvc16.com\/portal\/wp-json\/wp\/v2\/posts"}],"about":[{"href":"https:\/\/tvc16.com\/portal\/wp-json\/wp\/v2\/types\/post"}],"author":[{"embeddable":true,"href":"https:\/\/tvc16.com\/portal\/wp-json\/wp\/v2\/users\/2"}],"replies":[{"embeddable":true,"href":"https:\/\/tvc16.com\/portal\/wp-json\/wp\/v2\/comments?post=19341"}],"version-history":[{"count":1,"href":"https:\/\/tvc16.com\/portal\/wp-json\/wp\/v2\/posts\/19341\/revisions"}],"predecessor-version":[{"id":19343,"href":"https:\/\/tvc16.com\/portal\/wp-json\/wp\/v2\/posts\/19341\/revisions\/19343"}],"wp:featuredmedia":[{"embeddable":true,"href":"https:\/\/tvc16.com\/portal\/wp-json\/wp\/v2\/media\/19342"}],"wp:attachment":[{"href":"https:\/\/tvc16.com\/portal\/wp-json\/wp\/v2\/media?parent=19341"}],"wp:term":[{"taxonomy":"category","embeddable":true,"href":"https:\/\/tvc16.com\/portal\/wp-json\/wp\/v2\/categories?post=19341"},{"taxonomy":"post_tag","embeddable":true,"href":"https:\/\/tvc16.com\/portal\/wp-json\/wp\/v2\/tags?post=19341"}],"curies":[{"name":"wp","href":"https:\/\/api.w.org\/{rel}","templated":true}]}}