{"id":19344,"date":"2021-08-13T20:26:39","date_gmt":"2021-08-13T23:26:39","guid":{"rendered":"https:\/\/tvc16.com\/portal\/?p=19344"},"modified":"2021-08-13T20:26:40","modified_gmt":"2021-08-13T23:26:40","slug":"covid-19-prefeitura-anuncia-novo-calendario-de-vacinacao-para-proxima-semana-chegando-a-pessoas-a-partir-de-25-anos","status":"publish","type":"post","link":"https:\/\/tvc16.com\/portal\/2021\/08\/13\/covid-19-prefeitura-anuncia-novo-calendario-de-vacinacao-para-proxima-semana-chegando-a-pessoas-a-partir-de-25-anos\/","title":{"rendered":"Covid-19: Prefeitura anuncia novo calend\u00e1rio de vacina\u00e7\u00e3o para pr\u00f3xima semana, chegando a pessoas a partir de 25 anos"},"content":{"rendered":"\n<p>Cadastro para quem tem a partir de 29 anos ser\u00e1 aberto neste s\u00e1bado, para vacina\u00e7\u00e3o na segunda-feira (16.08)<\/p>\n\n\n\n<p>A chegada de novos lotes de vacinas contra a covid-19 nesta sexta-feira (13.08) levou a Prefeitura de Petr\u00f3polis a anunciar uma nova amplia\u00e7\u00e3o da campanha de vacina\u00e7\u00e3o na pr\u00f3xima semana. A aplica\u00e7\u00e3o das doses ser\u00e1 feita de acordo com calend\u00e1rio, permitindo o atendimento de pessoas a partir dos 25 anos, sempre com cadastramento pr\u00e9vio no site da Prefeitura, em www.petropolis.rj.gov.br. Neste s\u00e1bado (14\/08) a Secretaria de Sa\u00fade abre o cadastro para agendamento da vacina\u00e7\u00e3o de pessoas com 29 anos, que come\u00e7am a ser vacinadas na segunda-feira (16\/08). Seguindo o calend\u00e1rio, na segunda-feira (16\/08) poder\u00e3o se cadastrar pessoas com 28 anos, que come\u00e7am a ser vacinadas j\u00e1 no dia seguinte. Pessoas com 27 anos poder\u00e3o se cadastrar a partir de ter\u00e7a (17\/08) e, com 26 anos, na quarta-feira (18\/08). Na quinta-feira (19) o cadastro ser\u00e1 liberado para quem tem a partir dos 25 anos.<\/p>\n\n\n\n<p>\u201cA chegada de mais lotes de vacinas esta semana est\u00e1 permitindo que possamos avan\u00e7ar e organizar um novo calend\u00e1rio de vacina\u00e7\u00e3o, chegando \u00e0s pessoas com 25 anos. Com isso estamos dando mais alguns passos em dire\u00e7\u00e3o \u00e0 nossa meta de chegarmos, at\u00e9 o fim do m\u00eas, ao p\u00fablico de 18 anos. A vacina\u00e7\u00e3o j\u00e1 vem mostrando resultados positivos na cidade e todos os esfor\u00e7os est\u00e3o sendo feitos pela prefeitura, em especial pela equipe da Secretaria de Sa\u00fade, para que os petropolitanos sejam imunizados o quanto antes\u201d, destaca o prefeito interino Hingo Hammes lembrando que a chegada de mais lotes de vacinas \u00e9 fundamental para que tal objetivo seja alcan\u00e7ado.<\/p>\n\n\n\n<p>\u201cSeguimos trabalhando na log\u00edstica e no planejamento para que a vacina\u00e7\u00e3o continue avan\u00e7ando de forma \u00e1gil e organizada. Isso \u00e9 o que vem garantindo, desde o in\u00edcio da campanha, que todas as pessoas cadastradas recebam a vacina. Petr\u00f3polis tem hoje mais de 72% da popula\u00e7\u00e3o maior de 18 anos vacinada com pelo menos uma dose e mais de 33% do grupo vacin\u00e1vel, que j\u00e1 completou o esquema de vacina\u00e7\u00e3o &#8211; recebendo a vacina em dose \u00fanica ou as duas doses necess\u00e1rias para a imuniza\u00e7\u00e3o. Isso \u00e9 o resultado do trabalho de uma equipe dedicada e respons\u00e1vel que temos na Secretaria. Seguiremos trabalhando de forma incans\u00e1vel at\u00e9 que toda popula\u00e7\u00e3o esteja vacinada\u201d, destaca o secret\u00e1rio de Sa\u00fade Aloisio Barbosa da Silva Filho.<\/p>\n\n\n\n<p>Os agendamentos para vacina\u00e7\u00e3o devem ser feitos pelo site da prefeitura \u2013 www.petropolis.rj.gov.br. A Secretaria de Sa\u00fade orienta que as pessoas estejam atentas ao preenchimento dos dados at\u00e9 a finaliza\u00e7\u00e3o do cadastro. A confirma\u00e7\u00e3o de data e local de agendamento pode ser feita com a digita\u00e7\u00e3o do CPF ao fim do cadastro.<\/p>\n\n\n\n<p>A vacina\u00e7\u00e3o segue sendo realizada em 13 pontos distribu\u00eddos nos cinco distritos. At\u00e9 quinta-feira (12\/08) Equipes da Divis\u00e3o de Imuniza\u00e7\u00e3o da Secretaria de Sa\u00fade vacinaram 167.621 pessoas com a primeira dose e 174.426 pessoas com a segunda dose. Outras 6.805 pessoas receberam a vacina em dose \u00fanica.<\/p>\n\n\n\n<p>Nesta sexta-feira (13\/08) o munic\u00edpio recebeu 7.200 doses \u2013 5 mil destinadas \u00e0 aplica\u00e7\u00e3o de primeira dose e 2.200 referentes a segunda doses, e h\u00e1 previs\u00e3o de nova remessa neste fim de semana.<\/p>\n\n\n\n<p>Em caso de d\u00favidas \u00e9 poss\u00edvel utilizar o Whatsapp da Sa\u00fade &#8211; assistente virtual que fornece informa\u00e7\u00f5es sobre a vacina\u00e7\u00e3o, locais de atendimento a pacientes com sintomas da doen\u00e7a e boletins. O atendimento est\u00e1 dispon\u00edvel pelo n\u00famero (24) 9.9200-1428.<\/p>\n","protected":false},"excerpt":{"rendered":"<p>Cadastro para quem tem a partir de 29 anos ser\u00e1 aberto neste s\u00e1bado, para vacina\u00e7\u00e3o<\/p>\n","protected":false},"author":2,"featured_media":19345,"comment_status":"open","ping_status":"open","sticky":false,"template":"","format":"standard","meta":{"footnotes":""},"categories":[12],"tags":[],"class_list":["post-19344","post","type-post","status-publish","format-standard","has-post-thumbnail","hentry","category-cidade"],"_links":{"self":[{"href":"https:\/\/tvc16.com\/portal\/wp-json\/wp\/v2\/posts\/19344","targetHints":{"allow":["GET"]}}],"collection":[{"href":"https:\/\/tvc16.com\/portal\/wp-json\/wp\/v2\/posts"}],"about":[{"href":"https:\/\/tvc16.com\/portal\/wp-json\/wp\/v2\/types\/post"}],"author":[{"embeddable":true,"href":"https:\/\/tvc16.com\/portal\/wp-json\/wp\/v2\/users\/2"}],"replies":[{"embeddable":true,"href":"https:\/\/tvc16.com\/portal\/wp-json\/wp\/v2\/comments?post=19344"}],"version-history":[{"count":1,"href":"https:\/\/tvc16.com\/portal\/wp-json\/wp\/v2\/posts\/19344\/revisions"}],"predecessor-version":[{"id":19346,"href":"https:\/\/tvc16.com\/portal\/wp-json\/wp\/v2\/posts\/19344\/revisions\/19346"}],"wp:featuredmedia":[{"embeddable":true,"href":"https:\/\/tvc16.com\/portal\/wp-json\/wp\/v2\/media\/19345"}],"wp:attachment":[{"href":"https:\/\/tvc16.com\/portal\/wp-json\/wp\/v2\/media?parent=19344"}],"wp:term":[{"taxonomy":"category","embeddable":true,"href":"https:\/\/tvc16.com\/portal\/wp-json\/wp\/v2\/categories?post=19344"},{"taxonomy":"post_tag","embeddable":true,"href":"https:\/\/tvc16.com\/portal\/wp-json\/wp\/v2\/tags?post=19344"}],"curies":[{"name":"wp","href":"https:\/\/api.w.org\/{rel}","templated":true}]}}