{"id":19347,"date":"2021-08-13T20:28:22","date_gmt":"2021-08-13T23:28:22","guid":{"rendered":"https:\/\/tvc16.com\/portal\/?p=19347"},"modified":"2021-08-13T20:28:23","modified_gmt":"2021-08-13T23:28:23","slug":"covid-19-mais-dois-obitos-sao-registrados-em-petropolis","status":"publish","type":"post","link":"https:\/\/tvc16.com\/portal\/2021\/08\/13\/covid-19-mais-dois-obitos-sao-registrados-em-petropolis\/","title":{"rendered":"Covid-19: mais dois \u00f3bitos s\u00e3o registrados em Petr\u00f3polis"},"content":{"rendered":"\n<p>A taxa de ocupa\u00e7\u00e3o de leitos para pacientes com covid-19 no Sistema \u00danico de Sa\u00fade est\u00e1, nesta sexta (13\/08), em 50% em leitos cl\u00ednicos e 60,32% em UTIs. Levando em conta toda a rede de sa\u00fade da cidade, incluindo hospitais p\u00fablicos e privados, s\u00e3o 104 pacientes internados, sendo 66 em UTIs e 38 em leitos cl\u00ednicos. Dois \u00f3bitos foram confirmados e inseridos na base estat\u00edstica.<br>At\u00e9 agora foram realizados no munic\u00edpio 184.033 testes para Covid-19, com 44.868 resultados positivos e 138.654 negativos (levando em considera\u00e7\u00e3o testes r\u00e1pidos e Swab).<br>A Secretaria de Sa\u00fade esclarece que o n\u00famero de \u00f3bitos, hoje em 1.401 \u00e9 atualizado nos boletins apenas ap\u00f3s o registro do atestado de \u00f3bito e do resultado do exame do paciente no sistema da Vigil\u00e2ncia Epidemiol\u00f3gica, o que \u00e9 feito por equipe administrativa. Trata-se de medida de seguran\u00e7a para evitar erro na informa\u00e7\u00e3o divulgada pela Secretaria de Sa\u00fade.<br>A Secretaria acrescenta, ainda, que trabalha na atualiza\u00e7\u00e3o de dados de notifica\u00e7\u00f5es e casos em an\u00e1lise no sistema, inserindo ainda dados pendentes de meses anteriores. \u00c9 poss\u00edvel acompanhar a evolu\u00e7\u00e3o dos casos no portal da transpar\u00eancia do coronav\u00edrus, no site da Prefeitura (www.petropolis.rj.gov.br).<\/p>\n\n\n\n<p>\u00d3bitos registrados:<\/p>\n\n\n\n<p>Homem, 71 anos, morador do Centro. Internado em 25.07.21 no Hospital Unimed. \u00d3bito registrado em 30.07.21 no Hospital Unimed. Paciente com obesidade.<\/p>\n\n\n\n<p>Mulher, 74 anos, moradora do Centro. Internada em 07\/08\/21 no HST. \u00d3bito registrado em 11\/08\/21 no HST. Paciente com imunossupress\u00e3o.<\/p>\n","protected":false},"excerpt":{"rendered":"<p>A taxa de ocupa\u00e7\u00e3o de leitos para pacientes com covid-19 no Sistema \u00danico de Sa\u00fade<\/p>\n","protected":false},"author":2,"featured_media":19348,"comment_status":"open","ping_status":"open","sticky":false,"template":"","format":"standard","meta":{"footnotes":""},"categories":[12],"tags":[],"class_list":["post-19347","post","type-post","status-publish","format-standard","has-post-thumbnail","hentry","category-cidade"],"_links":{"self":[{"href":"https:\/\/tvc16.com\/portal\/wp-json\/wp\/v2\/posts\/19347","targetHints":{"allow":["GET"]}}],"collection":[{"href":"https:\/\/tvc16.com\/portal\/wp-json\/wp\/v2\/posts"}],"about":[{"href":"https:\/\/tvc16.com\/portal\/wp-json\/wp\/v2\/types\/post"}],"author":[{"embeddable":true,"href":"https:\/\/tvc16.com\/portal\/wp-json\/wp\/v2\/users\/2"}],"replies":[{"embeddable":true,"href":"https:\/\/tvc16.com\/portal\/wp-json\/wp\/v2\/comments?post=19347"}],"version-history":[{"count":1,"href":"https:\/\/tvc16.com\/portal\/wp-json\/wp\/v2\/posts\/19347\/revisions"}],"predecessor-version":[{"id":19349,"href":"https:\/\/tvc16.com\/portal\/wp-json\/wp\/v2\/posts\/19347\/revisions\/19349"}],"wp:featuredmedia":[{"embeddable":true,"href":"https:\/\/tvc16.com\/portal\/wp-json\/wp\/v2\/media\/19348"}],"wp:attachment":[{"href":"https:\/\/tvc16.com\/portal\/wp-json\/wp\/v2\/media?parent=19347"}],"wp:term":[{"taxonomy":"category","embeddable":true,"href":"https:\/\/tvc16.com\/portal\/wp-json\/wp\/v2\/categories?post=19347"},{"taxonomy":"post_tag","embeddable":true,"href":"https:\/\/tvc16.com\/portal\/wp-json\/wp\/v2\/tags?post=19347"}],"curies":[{"name":"wp","href":"https:\/\/api.w.org\/{rel}","templated":true}]}}