{"id":1938,"date":"2020-10-05T02:04:49","date_gmt":"2020-10-05T02:04:49","guid":{"rendered":"https:\/\/tvc16.com\/portal\/?p=1938"},"modified":"2020-10-05T02:04:49","modified_gmt":"2020-10-05T02:04:49","slug":"trump-volta-para-hospital-apos-sair-para-cumprimentar-apoiadores","status":"publish","type":"post","link":"https:\/\/tvc16.com\/portal\/2020\/10\/05\/trump-volta-para-hospital-apos-sair-para-cumprimentar-apoiadores\/","title":{"rendered":"Trump volta para hospital ap\u00f3s sair para cumprimentar apoiadores"},"content":{"rendered":"\n<p>Anna Satie, da CNN, em S\u00e3o Paulo*04 de outubro de 2020 \u00e0s 18:30\u00a0| Atualizado 04 de outubro de 2020 \u00e0s 22:23<\/p>\n\n\n\n<p>Fotos: reprodu\u00e7\u00e3o<\/p>\n\n\n\n<p>O presidente dos Estados Unidos, Donald Trump, voltou para hospital em que est\u00e1 internado, ap\u00f3s sair rapidamente, na tarde deste domingo (4), para cumprimentar os apoiadores que est\u00e3o do lado de fora.<\/p>\n\n\n\n<p>Durante o passeio, ele acenou de dentro do carro do Servi\u00e7o Secreto. Momentos antes, o presidente publicou um v\u00eddeo nas redes sociais, dizendo que faria uma surpresa aos &#8220;patriotas&#8221; que estavam l\u00e1 o apoiando. &#8220;\u00c9 entusiasmo como ningu\u00e9m jamais recebeu&#8221;, afirmou.\u00a0<\/p>\n\n\n\n<p>Ele disse ainda ter recebido &#8220;\u00f3timos relat\u00f3rios&#8221; dos m\u00e9dicos e que tem sido uma &#8220;jornada interessante&#8221;. &#8220;Tem sido uma jornada interessante, eu aprendi muito sobre a Covid, essa \u00e9 a escola de verdade&#8221;, afirmou.<\/p>\n\n\n\n<p>Trump est\u00e1 internado no centro m\u00e9dico militar Walter Reed desde sexta-feira (2). A equipe m\u00e9dica oficial disse que ele teve tosse, febre e fadiga, mas a imprensa internacional e especialistas especulam que o quadro de sa\u00fade dele pode ser mais grave do que est\u00e3o deixando transparecer.&nbsp;<\/p>\n\n\n\n<p>Ele tem recebido doses de&nbsp;<a href=\"https:\/\/www.cnnbrasil.com.br\/internacional\/2020\/10\/03\/uso-de-remdesivir-por-trump-pode-indicar-infeccao-grave-de-covid-19-diz-medico\">Remdesivir<\/a>&nbsp;e dexametasona, medicamentos com efic\u00e1cia comprovada em casos graves da doen\u00e7a.&nbsp;<\/p>\n\n\n\n<p>O presidente precisou de oxig\u00eanio suplementar na quinta (1\u00ba) e na sexta, admitiu a equipe m\u00e9dica neste domingo, ap\u00f3s negar essa informa\u00e7\u00e3o no s\u00e1bado. De acordo com o m\u00e9dico Sean Conley, ele n\u00e3o divulgou essa informa\u00e7\u00e3o porque queria refletir a &#8220;atitude positiva&#8221; da equipe e do pr\u00f3prio Trump em rela\u00e7\u00e3o a seu estado de sa\u00fade.<\/p>\n\n\n\n<p>A equipe m\u00e9dica disse que, se o quadro cl\u00ednico continuar melhorando, ele pode ter alta nesta segunda-feira (5).&nbsp;<\/p>\n\n\n\n<figure class=\"wp-block-image size-large\"><img loading=\"lazy\" decoding=\"async\" width=\"1024\" height=\"525\" src=\"https:\/\/tvc16.com\/portal\/wp-content\/uploads\/2020\/10\/20201004_194159-1024x525.jpg\" alt=\"\" class=\"wp-image-1939\" srcset=\"https:\/\/tvc16.com\/portal\/wp-content\/uploads\/2020\/10\/20201004_194159-1024x525.jpg 1024w, https:\/\/tvc16.com\/portal\/wp-content\/uploads\/2020\/10\/20201004_194159-300x154.jpg 300w, https:\/\/tvc16.com\/portal\/wp-content\/uploads\/2020\/10\/20201004_194159-768x394.jpg 768w, https:\/\/tvc16.com\/portal\/wp-content\/uploads\/2020\/10\/20201004_194159-1536x788.jpg 1536w, https:\/\/tvc16.com\/portal\/wp-content\/uploads\/2020\/10\/20201004_194159-2048x1051.jpg 2048w\" sizes=\"auto, (max-width: 1024px) 100vw, 1024px\" \/><\/figure>\n","protected":false},"excerpt":{"rendered":"<p>Anna Satie, da CNN, em S\u00e3o Paulo*04 de outubro de 2020 \u00e0s 18:30\u00a0| Atualizado 04<\/p>\n","protected":false},"author":2,"featured_media":1940,"comment_status":"open","ping_status":"open","sticky":false,"template":"","format":"standard","meta":{"footnotes":""},"categories":[22],"tags":[],"class_list":["post-1938","post","type-post","status-publish","format-standard","has-post-thumbnail","hentry","category-internacional"],"_links":{"self":[{"href":"https:\/\/tvc16.com\/portal\/wp-json\/wp\/v2\/posts\/1938","targetHints":{"allow":["GET"]}}],"collection":[{"href":"https:\/\/tvc16.com\/portal\/wp-json\/wp\/v2\/posts"}],"about":[{"href":"https:\/\/tvc16.com\/portal\/wp-json\/wp\/v2\/types\/post"}],"author":[{"embeddable":true,"href":"https:\/\/tvc16.com\/portal\/wp-json\/wp\/v2\/users\/2"}],"replies":[{"embeddable":true,"href":"https:\/\/tvc16.com\/portal\/wp-json\/wp\/v2\/comments?post=1938"}],"version-history":[{"count":1,"href":"https:\/\/tvc16.com\/portal\/wp-json\/wp\/v2\/posts\/1938\/revisions"}],"predecessor-version":[{"id":1941,"href":"https:\/\/tvc16.com\/portal\/wp-json\/wp\/v2\/posts\/1938\/revisions\/1941"}],"wp:featuredmedia":[{"embeddable":true,"href":"https:\/\/tvc16.com\/portal\/wp-json\/wp\/v2\/media\/1940"}],"wp:attachment":[{"href":"https:\/\/tvc16.com\/portal\/wp-json\/wp\/v2\/media?parent=1938"}],"wp:term":[{"taxonomy":"category","embeddable":true,"href":"https:\/\/tvc16.com\/portal\/wp-json\/wp\/v2\/categories?post=1938"},{"taxonomy":"post_tag","embeddable":true,"href":"https:\/\/tvc16.com\/portal\/wp-json\/wp\/v2\/tags?post=1938"}],"curies":[{"name":"wp","href":"https:\/\/api.w.org\/{rel}","templated":true}]}}