{"id":194,"date":"2020-07-17T10:12:07","date_gmt":"2020-07-17T10:12:07","guid":{"rendered":"https:\/\/tvc16.com\/portal\/?p=194"},"modified":"2020-09-12T17:41:11","modified_gmt":"2020-09-12T17:41:11","slug":"empresas-de-ti-investem-na-formacao-de-profissionais-para-atender-demanda-crescente-do-mercado","status":"publish","type":"post","link":"https:\/\/tvc16.com\/portal\/2020\/07\/17\/empresas-de-ti-investem-na-formacao-de-profissionais-para-atender-demanda-crescente-do-mercado\/","title":{"rendered":"Empresas de TI investem na forma\u00e7\u00e3o de profissionais para atender demanda crescente do Mercado"},"content":{"rendered":"\n<p>A previs\u00e3o de crescimento do mercado de Tecnologia de Informa\u00e7\u00e3o (TI) no pa\u00eds nos pr\u00f3ximos anos vem impondo a empres\u00e1rios da \u00e1rea um desafio: encontrar profissionais qualificados no mercado. As dificuldades na hora de contratar s\u00e3o t\u00e3o grandes que, em Petr\u00f3polis, um grupo abandonou a in\u00e9rcia e come\u00e7ou a trabalhar duro para garantir m\u00e3o de obra qualificada nesta \u00e1rea. E parece que a aposta \u00e9 certeira: al\u00e9m de encontrar muita gente em busca desta capacita\u00e7\u00e3o, empresas j\u00e1 est\u00e3o de olho nas aulas, oferecidas por meio de parceria entre a Firjan e Sindicato da Ind\u00fastria Eletr\u00f4nica, de Inform\u00e1tica, de Telecomunica\u00e7\u00f5es, de Produ\u00e7\u00e3o de Software, de Produ\u00e7\u00e3o de Hardware, de Produ\u00e7\u00e3o de Produtos Eletr\u00f4nicos e Componentes do Estado do Rio (Sinditec).<\/p>\n\n\n\n<p>Entre as a\u00e7\u00f5es em andamento est\u00e1 a do Serratec que, em resposta \u00e0s exig\u00eancias do emergente mercado na \u00e1rea de TI, vai concluir em novembro o primeiro curso voltado para a forma\u00e7\u00e3o de novos desenvolvedores e programadores. Iniciado em mar\u00e7o, jovens que terminaram o ensino m\u00e9dio passam por aulas em uma entidade, no Quitandinha, onde provavelmente boa parte destes alunos permanecer\u00e3o ap\u00f3s as aulas, contratados por empresas instaladas na regi\u00e3o. A tend\u00eancia \u00e9 que comece uma nova era no mercado de trabalho local.<\/p>\n\n\n\n<p>No planejamento do Serratec, a conclus\u00e3o do primeiro curso de imers\u00e3o proporcionar\u00e1 o ingresso imediato de 70 novos profissionais no mercado de trabalho de Petr\u00f3polis. Esses n\u00fameros, no entanto, podem dobrar a partir de 2020, quando a institui\u00e7\u00e3o n\u00e3o apenas dar\u00e1 continuidade ao curso para forma\u00e7\u00e3o de novos profissionais, como tamb\u00e9m pretende dobrar a disponibilidade. Para 2021, espera-se mais 140 formados nas aulas ministradas por professores antenados com o que h\u00e1 de mais moderno na ind\u00fastria tecnol\u00f3gica e mercado de trabalho.<\/p>\n\n\n\n<p>Teres\u00f3polis e Nova Friburgo v\u00e3o caminhar no mesmo sentido. No ano que vem, este curso chegar\u00e1 as duas cidades e, tudo indica, vai aumentar o n\u00famero de novos trabalhadores na automa\u00e7\u00e3o.<\/p>\n\n\n\n<p><strong>Empres\u00e1rios j\u00e1 esperam<\/strong><\/p>\n\n\n\n<p>Os empres\u00e1rios que hoje investem na Regi\u00e3o Serrana est\u00e3o preparados para acolher os profissionais da \u00e1rea de TI. A T2M, que recentemente ganhou um contrato de quatro anos com a Petrobras para qualificar o uso dos softwares da petrol\u00edfera, \u00e9 uma das mais otimistas com o crescimento dos projetos desenvolvidos pelo Serratec e tem planos para contratar trabalhadores. Para o s\u00f3cio da empresa, Guilherme da Motta Alves, o caminho da educa\u00e7\u00e3o tra\u00e7ado certamente vai gerar frutos positivos j\u00e1 de imediato.<\/p>\n\n\n\n<p>\u201cA T2M apoia e acredita bastante no projeto de Resid\u00eancia de Software, tanto que \u00b4adotou\u00b4 24 dos 72 alunos desse primeiro ciclo de forma\u00e7\u00e3o. \u00c9 fundamental para as empresas contratar profissionais que conhe\u00e7am as principais tecnologias de desenvolvimento de software, e a resid\u00eancia trar\u00e1 esse diferencial para a regi\u00e3o. Estamos muito otimistas em rela\u00e7\u00e3o ao futuro, muitas oportunidades est\u00e3o surgindo e contar com m\u00e3o de obra qualificada \u00e9 super importante. A T2M j\u00e1 tem inclusive, em parceria com uma seguradora do Rio de Janeiro, a garantia de contrata\u00e7\u00e3o de v\u00e1rios profissionais\u201d, disparou Guilherme.<\/p>\n\n\n\n<figure class=\"wp-block-image\"><img decoding=\"async\" src=\"http:\/\/serratec.org\/wp-content\/uploads\/2019\/10\/cre-47658843f67e585acbb77b202d4869ed0cd3270f.jpg\" alt=\"\"\/><\/figure>\n\n\n\n<p>O especialista em Recursos Humanos, George Paiva. Divulga\u00e7\u00e3o<\/p>\n\n\n\n<p>Os benef\u00edcios da empregabilidade, no entanto, v\u00e3o al\u00e9m de atender a uma demanda crescente nas corpora\u00e7\u00f5es. O especialista em Recursos Humanos, George Paiva, explica que o curso de qualifica\u00e7\u00e3o profissional tocado pelo Serratec oferece oportunidades para quem deseja ingressar no mercado da TI, uma oferta que gera renda e oportunidades de crescimento financeiro. Com isso, o munic\u00edpio s\u00f3 tem a ganhar. Outro aspecto destacado \u00e9 a economia. Para George, o que ocorre hoje no Serratec impactar\u00e1 os cursos t\u00e9cnicos e universit\u00e1rios em rela\u00e7\u00e3o a prepara\u00e7\u00e3o de profissionais do amanh\u00e3.<\/p>\n\n\n\n<p>\u201cQuanto mais potencial formador, maior e melhor o impacto no desenvolvimento da cidade, com consequ\u00eancias nas institui\u00e7\u00f5es de ensino que preparam trabalhadores para atuar na TI\u201d, disse ele.<\/p>\n\n\n\n<p>Na linha da educa\u00e7\u00e3o, outra pesquisa trouxe um dado alarmante. De acordo com um levantamento recente divulgado pela Brasscom (Associa\u00e7\u00e3o Brasileira das Empresas de Tecnologia da Informa\u00e7\u00e3o e Comunica\u00e7\u00e3o), 69% dos universit\u00e1rios nas \u00e1reas de TIC (Tecnologia da Informa\u00e7\u00e3o e Comunica\u00e7\u00e3o) n\u00e3o se formam. O dado preocupa, j\u00e1 que a expectativa \u00e9 de que o setor de Software e Servi\u00e7os dobre em seis anos no Brasil. Com isso, demandar\u00e1 70 mil novos profissionais por ano at\u00e9 2024, conforme o levantamento. Hoje, no entanto, s\u00e3o formados apenas 46 mil pessoas com perfil tecnol\u00f3gico, anualmente. Sem mudan\u00e7as, haver\u00e1 d\u00e9ficit de 260 mil profissionais no per\u00edodo.<\/p>\n\n\n\n<figure class=\"wp-block-image\"><img decoding=\"async\" src=\"http:\/\/serratec.org\/wp-content\/uploads\/2019\/10\/cre-9028604b3d4d02565a16a866edecab54b016525e.jpg\" alt=\"\"\/><\/figure>\n\n\n\n<p><strong>Pesquisa aponta impacto psicol\u00f3gico da tecnologia no trabalhador&nbsp;<\/strong><\/p>\n\n\n\n<p>A automa\u00e7\u00e3o e o uso de novas tecnologias v\u00e3o impactar ainda mais na vida do cidad\u00e3o no futuro. O surgimento de novos empregos e a consequente elimina\u00e7\u00e3o de muitos outros vai gerar mudan\u00e7as no pa\u00eds nos pr\u00f3ximos anos, de acordo com especialistas na \u00e1rea de recursos humanos. Inevitavelmente surge a pergunta: como se preparar para tudo isso? \u00c9 justamente a pol\u00edtica adotada pelo Serratec, em conson\u00e2ncia com os empres\u00e1rios do setor, em garantir que n\u00e3o apenas a Cidade Imperial como a Regi\u00e3o Serrana como um todo estejam preparados para os novos tempos.<\/p>\n\n\n\n<p>Segundo o presidente do Serratec, Marcelo Carius, a Regi\u00e3o Serrana poder\u00e1 receber novas ind\u00fastrias da \u00e1rea da tecnologia nos pr\u00f3ximos anos, desde que esteja preparada para desenvolver seus produtos. Em primeiro lugar, de acordo com o tamb\u00e9m empres\u00e1rio, ser\u00e1 necess\u00e1ria a prepara\u00e7\u00e3o de profissionais que atendam a crescente demanda na \u00e1rea da TI. \u201cUma empresa precisa encontrar m\u00e3o de obra no local onde se instala para n\u00e3o ter que importar de outras regi\u00f5es os trabalhadores que atendam seus requisitos. \u00c9 fato, tamb\u00e9m, que a \u00e1rea da tecnologia vem empregando cada vez mais nos \u00faltimos anos e a tend\u00eancia ser\u00e1 aumentar, \u00e0 medida que novidades surjam nessa \u00e1rea\u201d, observou.<\/p>\n\n\n\n<p>Por outro lado, uma recente pesquisa feita por uma grande empresa multinacional de TI revela um dado preocupante: as pessoas com menos oportunidades de aprender novas habilidades digitais e com menores n\u00edveis de escolaridade t\u00eam mais medo do impacto da automa\u00e7\u00e3o em seus empregos. Esses dados fazem parte de nova pesquisa da PwC, realizada entre 22 mil pessoas em 11 pa\u00edses, baseando-se na an\u00e1lise da firma sobre o impacto da automa\u00e7\u00e3o nos empregos.<\/p>\n\n\n\n<p>Enquanto 53% dos trabalhadores entrevistados acreditam que a automa\u00e7\u00e3o mudar\u00e1 ou tornar\u00e1 seu trabalho obsoleto nos pr\u00f3ximos dez anos (apenas 28% consideram isso improv\u00e1vel), a maioria (61%) enxerga o impacto da tecnologia no seu dia a dia de maneira positiva e 77% das pessoas se mostraram dispostas a aprender novas habilidades ou passar por uma reciclagem completa no intuito de melhorar sua empregabilidade.<\/p>\n\n\n\n<p>Fonte:&nbsp;<a href=\"https:\/\/tribunadepetropolis.com.br\/\">Tribuna de Petr\u00f3polis&nbsp;<\/a><\/p>\n","protected":false},"excerpt":{"rendered":"<p>A previs\u00e3o de crescimento do mercado de Tecnologia de Informa\u00e7\u00e3o (TI) no pa\u00eds nos pr\u00f3ximos<\/p>\n","protected":false},"author":1,"featured_media":195,"comment_status":"closed","ping_status":"closed","sticky":false,"template":"","format":"standard","meta":{"footnotes":""},"categories":[16],"tags":[],"class_list":["post-194","post","type-post","status-publish","format-standard","has-post-thumbnail","hentry","category-colunistas"],"_links":{"self":[{"href":"https:\/\/tvc16.com\/portal\/wp-json\/wp\/v2\/posts\/194","targetHints":{"allow":["GET"]}}],"collection":[{"href":"https:\/\/tvc16.com\/portal\/wp-json\/wp\/v2\/posts"}],"about":[{"href":"https:\/\/tvc16.com\/portal\/wp-json\/wp\/v2\/types\/post"}],"author":[{"embeddable":true,"href":"https:\/\/tvc16.com\/portal\/wp-json\/wp\/v2\/users\/1"}],"replies":[{"embeddable":true,"href":"https:\/\/tvc16.com\/portal\/wp-json\/wp\/v2\/comments?post=194"}],"version-history":[{"count":3,"href":"https:\/\/tvc16.com\/portal\/wp-json\/wp\/v2\/posts\/194\/revisions"}],"predecessor-version":[{"id":397,"href":"https:\/\/tvc16.com\/portal\/wp-json\/wp\/v2\/posts\/194\/revisions\/397"}],"wp:featuredmedia":[{"embeddable":true,"href":"https:\/\/tvc16.com\/portal\/wp-json\/wp\/v2\/media\/195"}],"wp:attachment":[{"href":"https:\/\/tvc16.com\/portal\/wp-json\/wp\/v2\/media?parent=194"}],"wp:term":[{"taxonomy":"category","embeddable":true,"href":"https:\/\/tvc16.com\/portal\/wp-json\/wp\/v2\/categories?post=194"},{"taxonomy":"post_tag","embeddable":true,"href":"https:\/\/tvc16.com\/portal\/wp-json\/wp\/v2\/tags?post=194"}],"curies":[{"name":"wp","href":"https:\/\/api.w.org\/{rel}","templated":true}]}}