{"id":1942,"date":"2020-10-05T02:11:28","date_gmt":"2020-10-05T02:11:28","guid":{"rendered":"https:\/\/tvc16.com\/portal\/?p=1942"},"modified":"2020-10-05T02:11:28","modified_gmt":"2020-10-05T02:11:28","slug":"brasileiro-flamengo-vence-athletico-pr-e-entra-no-g4","status":"publish","type":"post","link":"https:\/\/tvc16.com\/portal\/2020\/10\/05\/brasileiro-flamengo-vence-athletico-pr-e-entra-no-g4\/","title":{"rendered":"Brasileiro: Flamengo vence Athletico-PR e entra no G4"},"content":{"rendered":"\n<h3 class=\"wp-block-heading\"><\/h3>\n\n\n\n<h4 class=\"wp-block-heading\">Publicado em 04\/10\/2020 &#8211; 18:51 Por Rafael Monteiro &#8211; Rep\u00f3rter da R\u00e1dio Nacional &#8211; Rio de Janeiro<\/h4>\n\n\n\n<p>O Flamengo venceu o Athletico-PR por 3 a 1 na tarde deste domingo (4), no est\u00e1dio do Maracan\u00e3 pela 13\u00aa rodada do Campeonato Brasileiro. Com este resultado, a equipe carioca chegou \u00e0 quarta posi\u00e7\u00e3o, com 21 pontos. Contudo, para permanecer no G4 at\u00e9 o final da rodada, ter\u00e1 de torcer para o Vasco n\u00e3o vencer o l\u00edder Atl\u00e9tico-MG ainda neste domingo, no Mineir\u00e3o. J\u00e1 o Athletico-PR, com 14, fica com apenas dois pontos de vantagem sobre a primeira equipe dentro da zona do rebaixamento, o Coritiba.<img decoding=\"async\" src=\"https:\/\/agenciabrasil.ebc.com.br\/ebc.png?id=1389776&amp;o=node\"><img decoding=\"async\" src=\"https:\/\/agenciabrasil.ebc.com.br\/ebc.gif?id=1389776&amp;o=node\"><\/p>\n\n\n\n<figure class=\"wp-block-image size-large\"><img loading=\"lazy\" decoding=\"async\" width=\"680\" height=\"383\" src=\"https:\/\/tvc16.com\/portal\/wp-content\/uploads\/2020\/10\/Ejg2G-FXYAMCalM.jpg\" alt=\"\" class=\"wp-image-1943\" srcset=\"https:\/\/tvc16.com\/portal\/wp-content\/uploads\/2020\/10\/Ejg2G-FXYAMCalM.jpg 680w, https:\/\/tvc16.com\/portal\/wp-content\/uploads\/2020\/10\/Ejg2G-FXYAMCalM-300x169.jpg 300w\" sizes=\"auto, (max-width: 680px) 100vw, 680px\" \/><\/figure>\n\n\n\n<p>Com esta vit\u00f3ria, os flamenguistas aumentaram a invencibilidade contra o Furac\u00e3o. Nos \u00faltimos seis jogos, foram quatro vit\u00f3rias e dois empates. A \u00faltima vez que os paranaenses bateram os cariocas foi no Campeonato Brasileiro de 2018, quando o Athletico-PR venceu por 2 a 1, de virada, no Maracan\u00e3.<\/p>\n\n\n\n<p>O Flamengo volta a campo na pr\u00f3xima quarta-feira (7) para fazer outro duelo de rubro-negros, desta vez com o Sport. O confronto ser\u00e1 realizado no Maracan\u00e3, \u00e0s 19h15. J\u00e1 o Athletico-PR recebe o Cear\u00e1 na quinta-feira (8) \u00e0s 19h, na Arena da Baixada, em Curitiba (PR).<\/p>\n","protected":false},"excerpt":{"rendered":"<p>Publicado em 04\/10\/2020 &#8211; 18:51 Por Rafael Monteiro &#8211; Rep\u00f3rter da R\u00e1dio Nacional &#8211; Rio<\/p>\n","protected":false},"author":2,"featured_media":1944,"comment_status":"open","ping_status":"open","sticky":false,"template":"","format":"standard","meta":{"footnotes":""},"categories":[20],"tags":[],"class_list":["post-1942","post","type-post","status-publish","format-standard","has-post-thumbnail","hentry","category-esporte"],"_links":{"self":[{"href":"https:\/\/tvc16.com\/portal\/wp-json\/wp\/v2\/posts\/1942","targetHints":{"allow":["GET"]}}],"collection":[{"href":"https:\/\/tvc16.com\/portal\/wp-json\/wp\/v2\/posts"}],"about":[{"href":"https:\/\/tvc16.com\/portal\/wp-json\/wp\/v2\/types\/post"}],"author":[{"embeddable":true,"href":"https:\/\/tvc16.com\/portal\/wp-json\/wp\/v2\/users\/2"}],"replies":[{"embeddable":true,"href":"https:\/\/tvc16.com\/portal\/wp-json\/wp\/v2\/comments?post=1942"}],"version-history":[{"count":1,"href":"https:\/\/tvc16.com\/portal\/wp-json\/wp\/v2\/posts\/1942\/revisions"}],"predecessor-version":[{"id":1945,"href":"https:\/\/tvc16.com\/portal\/wp-json\/wp\/v2\/posts\/1942\/revisions\/1945"}],"wp:featuredmedia":[{"embeddable":true,"href":"https:\/\/tvc16.com\/portal\/wp-json\/wp\/v2\/media\/1944"}],"wp:attachment":[{"href":"https:\/\/tvc16.com\/portal\/wp-json\/wp\/v2\/media?parent=1942"}],"wp:term":[{"taxonomy":"category","embeddable":true,"href":"https:\/\/tvc16.com\/portal\/wp-json\/wp\/v2\/categories?post=1942"},{"taxonomy":"post_tag","embeddable":true,"href":"https:\/\/tvc16.com\/portal\/wp-json\/wp\/v2\/tags?post=1942"}],"curies":[{"name":"wp","href":"https:\/\/api.w.org\/{rel}","templated":true}]}}