{"id":1946,"date":"2020-10-05T12:44:21","date_gmt":"2020-10-05T12:44:21","guid":{"rendered":"https:\/\/tvc16.com\/portal\/?p=1946"},"modified":"2020-10-05T12:44:21","modified_gmt":"2020-10-05T12:44:21","slug":"morreu-domingo-o-petropolitano-baleado-em-agosto-no-pero","status":"publish","type":"post","link":"https:\/\/tvc16.com\/portal\/2020\/10\/05\/morreu-domingo-o-petropolitano-baleado-em-agosto-no-pero\/","title":{"rendered":"Morreu domingo o petropolitano baleado em agosto no Per\u00f3"},"content":{"rendered":"\n<p>Morreu no domingo (04),  Carlos Manoel da Paz Farroco, de 24 anos, que foi baleado na praia do Per\u00f3, em Cabo Frio, no dia 23 de agosto. Devido ao estado de sa\u00fade cr\u00edtico do rapaz, ele n\u00e3o chegou a ser transferido para uma unidade de sa\u00fade em Petr\u00f3polis.<\/p>\n\n\n\n<p>Carlos Manoel foi socorrido e internado no Hospital S\u00e3o Jos\u00e9 Oper\u00e1rio, em Cabo Frio, onde passou por cirurgias. Depois ele foi transferido para o Hospital Estadual Roberto Chabo, em Araruama, onde faleceu. O corpo dele foi encaminhado para IML de S\u00e3o Gon\u00e7alo. O sepultamento ser\u00e1 realizado em Petr\u00f3polis.<\/p>\n\n\n\n<p>Carlos Manoel estava com a namorada e familiares na Praia do Per\u00f3, por volta de 21h, quando sofreu o assalto. Os bandidos levaram celulares e uma caixa de som port\u00e1til, mas se desfizeram de alguns equipamentos durante a fuga. <\/p>\n\n\n\n<p>Foto: reprodu\u00e7\u00e3o<\/p>\n","protected":false},"excerpt":{"rendered":"<p>Morreu no domingo (04), Carlos Manoel da Paz Farroco, de 24 anos, que foi baleado<\/p>\n","protected":false},"author":2,"featured_media":1947,"comment_status":"open","ping_status":"open","sticky":false,"template":"","format":"standard","meta":{"footnotes":""},"categories":[12],"tags":[],"class_list":["post-1946","post","type-post","status-publish","format-standard","has-post-thumbnail","hentry","category-cidade"],"_links":{"self":[{"href":"https:\/\/tvc16.com\/portal\/wp-json\/wp\/v2\/posts\/1946","targetHints":{"allow":["GET"]}}],"collection":[{"href":"https:\/\/tvc16.com\/portal\/wp-json\/wp\/v2\/posts"}],"about":[{"href":"https:\/\/tvc16.com\/portal\/wp-json\/wp\/v2\/types\/post"}],"author":[{"embeddable":true,"href":"https:\/\/tvc16.com\/portal\/wp-json\/wp\/v2\/users\/2"}],"replies":[{"embeddable":true,"href":"https:\/\/tvc16.com\/portal\/wp-json\/wp\/v2\/comments?post=1946"}],"version-history":[{"count":1,"href":"https:\/\/tvc16.com\/portal\/wp-json\/wp\/v2\/posts\/1946\/revisions"}],"predecessor-version":[{"id":1948,"href":"https:\/\/tvc16.com\/portal\/wp-json\/wp\/v2\/posts\/1946\/revisions\/1948"}],"wp:featuredmedia":[{"embeddable":true,"href":"https:\/\/tvc16.com\/portal\/wp-json\/wp\/v2\/media\/1947"}],"wp:attachment":[{"href":"https:\/\/tvc16.com\/portal\/wp-json\/wp\/v2\/media?parent=1946"}],"wp:term":[{"taxonomy":"category","embeddable":true,"href":"https:\/\/tvc16.com\/portal\/wp-json\/wp\/v2\/categories?post=1946"},{"taxonomy":"post_tag","embeddable":true,"href":"https:\/\/tvc16.com\/portal\/wp-json\/wp\/v2\/tags?post=1946"}],"curies":[{"name":"wp","href":"https:\/\/api.w.org\/{rel}","templated":true}]}}