{"id":1952,"date":"2020-10-05T14:23:12","date_gmt":"2020-10-05T14:23:12","guid":{"rendered":"https:\/\/tvc16.com\/portal\/?p=1952"},"modified":"2020-10-05T14:23:12","modified_gmt":"2020-10-05T14:23:12","slug":"campanha-nacional-de-multivacinacao-comecou-hoje-05","status":"publish","type":"post","link":"https:\/\/tvc16.com\/portal\/2020\/10\/05\/campanha-nacional-de-multivacinacao-comecou-hoje-05\/","title":{"rendered":"Campanha Nacional de Multivacina\u00e7\u00e3o come\u00e7ou hoje (05)"},"content":{"rendered":"\n<p><em>Mais de 3,4 milh\u00f5es de crian\u00e7as e adolescentes do estado poder\u00e3o ser imunizados<\/em><\/p>\n\n\n\n<p>Mais de 3,4 milh\u00f5es de crian\u00e7as e adolescentes do estado Rio de Janeiro poder\u00e3o ser beneficiados pela Campanha Nacional de Multivacina\u00e7\u00e3o que come\u00e7ou nesta segunda-feira (05\/10). Esta \u00e9 a popula\u00e7\u00e3o do estado na faixa et\u00e1ria prevista para a campanha. O objetivo \u00e9 atualizar a caderneta de todos entre 6 meses e 15 anos.<\/p>\n\n\n\n<p>A a\u00e7\u00e3o conjunta entre as Secretarias de Estado de Sa\u00fade (SES), a Uni\u00e3o e as Secretarias Municipais de Sa\u00fade (SMS) mobiliza cerca de 11 mil pessoas nos 92 munic\u00edpios do Rio. Al\u00e9m disso, s\u00e3o utilizados cerca de 400 ve\u00edculos terrestres e tr\u00eas mar\u00edtimos para que os imunizantes cheguem aos pontos de vacina\u00e7\u00e3o no estado fluminense. As vacinas ser\u00e3o aplicadas nos postos municipais de Sa\u00fade da capital e do interior.<\/p>\n\n\n\n<p>A campanha tamb\u00e9m contar\u00e1 com um Dia D de mobiliza\u00e7\u00e3o, em 17 de outubro. Nesta data, considerada o Dia Nacional da Vacina\u00e7\u00e3o, o chamado \u00e0 popula\u00e7\u00e3o ser\u00e1 intensificado para garantir um alcance maior da campanha.<br><strong><br>As vacinas que integram a campanha<\/strong><br>Todas as vacinas presentes nos calend\u00e1rios da crian\u00e7a e do adolescente s\u00e3o parte da Campanha Nacional de Multivacina\u00e7\u00e3o. No calend\u00e1rio da crian\u00e7a, que inclui a imuniza\u00e7\u00e3o de crian\u00e7as de at\u00e9 10 anos de idade, s\u00e3o 14 vacinas no total. S\u00e3o elas: BCG, Hepatite B, Penta (difteria, t\u00e9tano, coqueluche, hepatite B e poliomielite), P\u00f3lio inativada, P\u00f3lio oral, Rotav\u00edrus, Pneumo 10, Meningo C, Febre Amarela, Tr\u00edplice viral (sarampo, caxumba e rub\u00e9ola), Tetra viral (sarampo, caxumba, rub\u00e9ola e varicela), DTP (tr\u00edplice bacteriana), Hepatite A e Varicela.<\/p>\n\n\n\n<p>No calend\u00e1rio do adolescente h\u00e1 mais vacinas, al\u00e9m de refor\u00e7os das imuniza\u00e7\u00f5es feitas na inf\u00e2ncia. S\u00e3o elas: Hepatite B, Febre Amarela, Tr\u00edplice viral, Difteria e t\u00e9tano adulto, DTPa, Meningoc\u00f3cica ACWY, HPV quadrivalente e Varicela.<br><strong><br>Vacina de sarampo para adultos<\/strong><br>Em conjunto com as vacinas da crian\u00e7a e do adolescente, tamb\u00e9m \u00e9 oferecida imuniza\u00e7\u00e3o contra o sarampo para todos da faixa et\u00e1ria entre 6 meses e 59 anos. A medida tem como objetivo evitar a exposi\u00e7\u00e3o desnecess\u00e1ria da popula\u00e7\u00e3o \u00e0 Covid-19, aproveitando a ida do respons\u00e1vel pelas crian\u00e7as \u00e0 unidade de sa\u00fade para atualizar a pr\u00f3pria situa\u00e7\u00e3o vacinal.&nbsp;<\/p>\n","protected":false},"excerpt":{"rendered":"<p>Mais de 3,4 milh\u00f5es de crian\u00e7as e adolescentes do estado poder\u00e3o ser imunizados Mais de<\/p>\n","protected":false},"author":2,"featured_media":1953,"comment_status":"open","ping_status":"open","sticky":false,"template":"","format":"standard","meta":{"footnotes":""},"categories":[13],"tags":[],"class_list":["post-1952","post","type-post","status-publish","format-standard","has-post-thumbnail","hentry","category-saude"],"_links":{"self":[{"href":"https:\/\/tvc16.com\/portal\/wp-json\/wp\/v2\/posts\/1952","targetHints":{"allow":["GET"]}}],"collection":[{"href":"https:\/\/tvc16.com\/portal\/wp-json\/wp\/v2\/posts"}],"about":[{"href":"https:\/\/tvc16.com\/portal\/wp-json\/wp\/v2\/types\/post"}],"author":[{"embeddable":true,"href":"https:\/\/tvc16.com\/portal\/wp-json\/wp\/v2\/users\/2"}],"replies":[{"embeddable":true,"href":"https:\/\/tvc16.com\/portal\/wp-json\/wp\/v2\/comments?post=1952"}],"version-history":[{"count":1,"href":"https:\/\/tvc16.com\/portal\/wp-json\/wp\/v2\/posts\/1952\/revisions"}],"predecessor-version":[{"id":1954,"href":"https:\/\/tvc16.com\/portal\/wp-json\/wp\/v2\/posts\/1952\/revisions\/1954"}],"wp:featuredmedia":[{"embeddable":true,"href":"https:\/\/tvc16.com\/portal\/wp-json\/wp\/v2\/media\/1953"}],"wp:attachment":[{"href":"https:\/\/tvc16.com\/portal\/wp-json\/wp\/v2\/media?parent=1952"}],"wp:term":[{"taxonomy":"category","embeddable":true,"href":"https:\/\/tvc16.com\/portal\/wp-json\/wp\/v2\/categories?post=1952"},{"taxonomy":"post_tag","embeddable":true,"href":"https:\/\/tvc16.com\/portal\/wp-json\/wp\/v2\/tags?post=1952"}],"curies":[{"name":"wp","href":"https:\/\/api.w.org\/{rel}","templated":true}]}}