{"id":1955,"date":"2020-10-05T14:25:11","date_gmt":"2020-10-05T14:25:11","guid":{"rendered":"https:\/\/tvc16.com\/portal\/?p=1955"},"modified":"2020-10-05T14:25:11","modified_gmt":"2020-10-05T14:25:11","slug":"tem-inicio-hoje-os-ensaios-clinicos-com-a-vacina-bcg-para-a-prevencao-contra-a-covid-19","status":"publish","type":"post","link":"https:\/\/tvc16.com\/portal\/2020\/10\/05\/tem-inicio-hoje-os-ensaios-clinicos-com-a-vacina-bcg-para-a-prevencao-contra-a-covid-19\/","title":{"rendered":"T\u00eam in\u00edcio hoje os ensaios cl\u00ednicos com a vacina BCG para a preven\u00e7\u00e3o contra a Covid-19"},"content":{"rendered":"\n<p>Ser\u00e3o vacinados 1.000 profissionais da sa\u00fade, que ter\u00e3o acompanhamento para a coleta de dados da pesquisa. A iniciativa \u00e9 da RedeV\u00edrus MCTI do Minist\u00e9rio da Ci\u00eancia, Tecnologia e Inova\u00e7\u00f5es (MCTI), com investimentos de R$ 1 milh\u00e3o em recursos do Fundo Nacional de Desenvolvimento Cient\u00edfico e Tecnol\u00f3gico (FNDCT) para a pesquisa, disponibilizados por meio da Financiadora de Estudos e Projetos (Finep), vinculada ao MCTI. Para a ocasi\u00e3o do in\u00edcio dos testes, o ministro do MCTI, Marcos Pontes, estar\u00e1 no Rio de Janeiro acompanhando os procedimentos nos hospitais da UFRJ e UERJ e, (posteriormente), atendendo a imprensa.<\/p>\n\n\n\n<p>A BCG \u00e9 uma vacina aplicada logo no nascimento para prevenir formas graves de tuberculose em crian\u00e7as. A investiga\u00e7\u00e3o sobre a efic\u00e1cia da BCG no combate ao coronav\u00edrus partiu de uma hip\u00f3tese baseada em dados que mostram que pa\u00edses que mant\u00e9m o uso da vacina apresentaram menor incid\u00eancia de Covid-19 em compara\u00e7\u00e3o com pa\u00edses que suspenderam o uso da BCG universal como por exemplo os EUA, a Espanha e a It\u00e1lia. Desde ent\u00e3o, com o apoio da RedeV\u00edrus MCTI, foram adquiridos insumos para a execu\u00e7\u00e3o das rotinas cl\u00ednicas e laboratoriais, e de equipamento de inform\u00e1tica para registro e an\u00e1lise de dados, al\u00e9m da composi\u00e7\u00e3o e capacita\u00e7\u00e3o da equipe para a execu\u00e7\u00e3o dos estudos.<\/p>\n\n\n\n<p>Participam da a\u00e7\u00e3o o Hospital Pedro Ernesto da Universidade do Estado do Rio de Janeiro (UERJ), o Hospital Universit\u00e1rio Clementino Fraga Filho (HUCFF), da Universidade Federal do Rio de Janeiro (UFRJ) e o Hospital Municipal de Barueri Dr. Francisco Moran (SP).<\/p>\n\n\n\n<p>A coordenadora da pesquisa, professora de Tisiologia e Pneumologia do Instituto de Doen\u00e7as do T\u00f3rax da Universidade Federal do Rio de Janeiro (UFRJ), Fernanda Mello explica que os estudos buscam responder se a vacina ajuda, tanto na preven\u00e7\u00e3o da infec\u00e7\u00e3o, quanto na ocorr\u00eancia de formas graves de Covid-19.<\/p>\n\n\n\n<p>Fernanda destaca ainda, a import\u00e2ncia do estudo junto aos profissionais de sa\u00fade. \u201cAo avaliarmos o efeito da vacina BCG entre profissionais de sa\u00fade, esperamos verificar seu potencial para evitar o adoecimento e as formas graves da doen\u00e7a entre eles, que representam o bra\u00e7o operacional da linha de cuidado aos pacientes Covid-19. A manuten\u00e7\u00e3o desta for\u00e7a de trabalho \u00e9 fundamental para que seja garantido o melhor cuidado aos portadores do coronav\u00edrus\u201d.<\/p>\n\n\n\n<p>A comitiva do ministro Pontes, que inclui o secret\u00e1rio de Pesquisa e Forma\u00e7\u00e3o Cient\u00edfica, Marcelo Morales e a secret\u00e1ria de Articula\u00e7\u00e3o e Promo\u00e7\u00e3o da Ci\u00eancia do MCTI, Christiane Corr\u00eaa, ser\u00e1 recepcionada pela reitora da UFRJ, Denise Pires de Carvalho e pela secret\u00e1ria de Sa\u00fade do Estado do Rio de Janeiro, Maria Isabel de Castro.<\/p>\n\n\n\n<p><strong>Laborat\u00f3rios de campanha<\/strong><\/p>\n\n\n\n<p>O ministro tamb\u00e9m ir\u00e1 inaugurar as instala\u00e7\u00f5es do laborat\u00f3rio de campanha para testes diagn\u00f3sticos no campus da Universidade Federal do Rio de Janeiro (UFRJ). Essa \u00e9 mais uma iniciativa da RedeV\u00edrus MCTI com o objetivo de ampliar a capacidade de realizar testes diagn\u00f3sticos da Covid-19.<\/p>\n\n\n\n<p>De acordo com o coordenador do laborat\u00f3rio de campanha da UFRJ, Am\u00edlcar Tanuri, a estrutura do laborat\u00f3rio, que foi totalmente reformado com capacidade NB-2 de biosseguran\u00e7a, tem a capacidade de realizar 300 testes moleculares, do tipo PCR, por dia. Embora seja focado em testes moleculares, o laborat\u00f3rio tamb\u00e9m pode realizar exames sorol\u00f3gicos e antig\u00eanicos.<\/p>\n\n\n\n<p>O coordenador tamb\u00e9m destaca outros fatores importantes da iniciativa. \u201c\u00c9 interessante nesta concep\u00e7\u00e3o de laborat\u00f3rio ligado \u00e0 universidade que os testes se tornam parte da pesquisa, \u201d afirma. \u201cN\u00e3o s\u00e3o meros testes como s\u00e3o feitos em laborat\u00f3rios privados, que o paciente s\u00f3 recebe o resultado\u201d.<\/p>\n\n\n\n<p>Segundo ele, a estrutura moderna est\u00e1 dando apoio \u00e0 cidade e ao Estado do RJ, especialmente \u00e0 comunidade da UFRJ, que soma mais de 70 mil pessoas entre professores, alunos e colaboradores. A expectativa \u00e9 dar mais seguran\u00e7a na retomada das atividades na universidade. \u201cJ\u00e1 estamos atuando na retomada de cursos que n\u00e3o podem ser on-line, como resid\u00eancia m\u00e9dica e internatos de odontologia, por exemplo\u201d.<\/p>\n\n\n\n<p>Com o investimento de R$ 35 milh\u00f5es do minist\u00e9rio por meio da RedeV\u00edrus MCTI na iniciativa Laborat\u00f3rios de Campanha MCTI, o pa\u00eds poder\u00e1 realizar 100 mil exames a mais por m\u00eas. Ao todo, s\u00e3o 13 laborat\u00f3rios que integram a a\u00e7\u00e3o por todo o pa\u00eds. Os laborat\u00f3rios tamb\u00e9m poder\u00e3o avaliar o uso da t\u00e9cnica de diagn\u00f3stico que utiliza uma gota de saliva do paciente, sem a necessidade de reagentes, para produzir um diagn\u00f3stico em quest\u00e3o de minutos. O equipamento para essa t\u00e9cnica \u00e9 moderno, port\u00e1til e tem o potencial de facilitar o acesso aos exames.<\/p>\n","protected":false},"excerpt":{"rendered":"<p>Ser\u00e3o vacinados 1.000 profissionais da sa\u00fade, que ter\u00e3o acompanhamento para a coleta de dados da<\/p>\n","protected":false},"author":2,"featured_media":1956,"comment_status":"open","ping_status":"open","sticky":false,"template":"","format":"standard","meta":{"footnotes":""},"categories":[13],"tags":[],"class_list":["post-1955","post","type-post","status-publish","format-standard","has-post-thumbnail","hentry","category-saude"],"_links":{"self":[{"href":"https:\/\/tvc16.com\/portal\/wp-json\/wp\/v2\/posts\/1955","targetHints":{"allow":["GET"]}}],"collection":[{"href":"https:\/\/tvc16.com\/portal\/wp-json\/wp\/v2\/posts"}],"about":[{"href":"https:\/\/tvc16.com\/portal\/wp-json\/wp\/v2\/types\/post"}],"author":[{"embeddable":true,"href":"https:\/\/tvc16.com\/portal\/wp-json\/wp\/v2\/users\/2"}],"replies":[{"embeddable":true,"href":"https:\/\/tvc16.com\/portal\/wp-json\/wp\/v2\/comments?post=1955"}],"version-history":[{"count":1,"href":"https:\/\/tvc16.com\/portal\/wp-json\/wp\/v2\/posts\/1955\/revisions"}],"predecessor-version":[{"id":1957,"href":"https:\/\/tvc16.com\/portal\/wp-json\/wp\/v2\/posts\/1955\/revisions\/1957"}],"wp:featuredmedia":[{"embeddable":true,"href":"https:\/\/tvc16.com\/portal\/wp-json\/wp\/v2\/media\/1956"}],"wp:attachment":[{"href":"https:\/\/tvc16.com\/portal\/wp-json\/wp\/v2\/media?parent=1955"}],"wp:term":[{"taxonomy":"category","embeddable":true,"href":"https:\/\/tvc16.com\/portal\/wp-json\/wp\/v2\/categories?post=1955"},{"taxonomy":"post_tag","embeddable":true,"href":"https:\/\/tvc16.com\/portal\/wp-json\/wp\/v2\/tags?post=1955"}],"curies":[{"name":"wp","href":"https:\/\/api.w.org\/{rel}","templated":true}]}}