{"id":1964,"date":"2020-10-05T14:35:08","date_gmt":"2020-10-05T14:35:08","guid":{"rendered":"https:\/\/tvc16.com\/portal\/?p=1964"},"modified":"2020-10-05T14:35:08","modified_gmt":"2020-10-05T14:35:08","slug":"caixa-paga-parcela-do-auxilio-emergencial-a-33-milhoes-de-pessoas","status":"publish","type":"post","link":"https:\/\/tvc16.com\/portal\/2020\/10\/05\/caixa-paga-parcela-do-auxilio-emergencial-a-33-milhoes-de-pessoas\/","title":{"rendered":"Caixa paga parcela do aux\u00edlio emergencial a 3,3 milh\u00f5es de pessoas"},"content":{"rendered":"\n<p>Valor pode ser de R$ 600 ou R$ 300<\/p>\n\n\n\n<h4 class=\"wp-block-heading\">Por Karine Melo &#8211; Rep\u00f3rter da Ag\u00eancia Brasil &#8211; Bras\u00edlia<\/h4>\n\n\n\n<p>A Caixa faz nesta segunda-feira (5) o pagamento de uma nova parcela do&nbsp;<a href=\"http:\/\/agenciabrasil.ebc.com.br\/economia\/noticia\/2020-09\/caixa-detalha-calendario-de-pagamentos-do-auxilio-emergencial-extensao\" target=\"_blank\" rel=\"noreferrer noopener\">aux\u00edlio emergencial<\/a>. Hoje, os beneficiados s\u00e3o 3,3 milh\u00f5es de trabalhadores nascidos em fevereiro, que n\u00e3o est\u00e3o inscritos no Bolsa Fam\u00edlia. O valor pode ser de R$ 600 ou de R$ 300, a depender de quando o benefici\u00e1rio teve seu cadastro aprovado.&nbsp;<img decoding=\"async\" src=\"https:\/\/agenciabrasil.ebc.com.br\/ebc.png?id=1389797&amp;o=node\"><img decoding=\"async\" src=\"https:\/\/agenciabrasil.ebc.com.br\/ebc.gif?id=1389797&amp;o=node\"><\/p>\n\n\n\n<p>O aux\u00edlio depositado hoje faz parte do Ciclo 3 e, por enquanto, fica dispon\u00edvel apenas para transa\u00e7\u00f5es digitais no aplicativo Caixa Tem, para pagamento de boletos, compras na internet e via m\u00e1quina de cart\u00e3o.&nbsp;<\/p>\n\n\n\n<p>Saques e transfer\u00eancias ser\u00e3o liberados em 7 de novembro. Quem teve a primeira parcela do aux\u00edlio em abril vai receber agora a sexta parcela, por isso, o valor j\u00e1 ser\u00e1 reduzido para R$ 300. Para mulheres chefe de fam\u00edlia o valor \u00e9 dobrado: R$ 600. Pessoas que come\u00e7aram a receber depois, entre maio e julho, ainda receber\u00e3o os R$ 600.<\/p>\n\n\n\n<p><strong>Calend\u00e1rio de pagamentos &#8211; ciclo 3<\/strong><\/p>\n\n\n\n<figure class=\"wp-block-table\"><table><thead><tr><th scope=\"col\">Data<\/th><th scope=\"col\">n\u00famero de beneficiados<\/th><th scope=\"col\">m\u00eas de nascimento<\/th><\/tr><\/thead><tbody><tr><td>30 de setembro (quarta-feira)<\/td><td>3,6 milh\u00f5es<\/td><td>janeiro<\/td><\/tr><tr><td>05 de outubro (segunda-feira)<\/td><td>3,3 milh\u00f5es<\/td><td>fevereiro<\/td><\/tr><tr><td>07 de outubro (quarta-feira)<\/td><td>3,8 milh\u00f5es<\/td><td>mar\u00e7o<\/td><\/tr><tr><td>09 de outubro (sexta-feira)<\/td><td>3,6 milh\u00f5es<\/td><td>abril<\/td><\/tr><tr><td>11 de outubro (domingo)<\/td><td>3,8 milh\u00f5es<\/td><td>maio<\/td><\/tr><tr><td>14 de outubro (quarta-feira)<\/td><td>3,6 milh\u00f5es<\/td><td>junho<\/td><\/tr><tr><td>16 de outubro (sexta-feira)<\/td><td>3,6 milh\u00f5es<\/td><td>julho<\/td><\/tr><tr><td>21 de outubro (quarta-feira)<\/td><td>3,6 milh\u00f5es<\/td><td>agosto<\/td><\/tr><tr><td>25 de outubro (domingo)<\/td><td>3,7 milh\u00f5es<\/td><td>setembro<\/td><\/tr><tr><td>28 de outubro (quarta-feira)<\/td><td>3,6 milh\u00f5es<\/td><td>outubro<\/td><\/tr><tr><td>29 de outubro (quinta-feira)<\/td><td>3,5 milh\u00f5es<\/td><td>novembro<\/td><\/tr><tr><td>01 de novembro (domingo)<\/td><td>3,5 milh\u00f5es<\/td><td>dezembro<\/td><\/tr><\/tbody><\/table><\/figure>\n\n\n\n<p>No caso benefici\u00e1rios do Bolsa Fam\u00edlia, a Caixa concluiu na semana passada o pagamento da primeira parcela de R$ 300. A pr\u00f3xima ser\u00e1 paga a partir de 19 de outubro.&nbsp;<\/p>\n\n\n\n<p>Edi\u00e7\u00e3o: Kleber Sampaio<\/p>\n","protected":false},"excerpt":{"rendered":"<p>Valor pode ser de R$ 600 ou R$ 300 Por Karine Melo &#8211; Rep\u00f3rter da<\/p>\n","protected":false},"author":2,"featured_media":1965,"comment_status":"open","ping_status":"open","sticky":false,"template":"","format":"standard","meta":{"footnotes":""},"categories":[14],"tags":[],"class_list":["post-1964","post","type-post","status-publish","format-standard","has-post-thumbnail","hentry","category-pais"],"_links":{"self":[{"href":"https:\/\/tvc16.com\/portal\/wp-json\/wp\/v2\/posts\/1964","targetHints":{"allow":["GET"]}}],"collection":[{"href":"https:\/\/tvc16.com\/portal\/wp-json\/wp\/v2\/posts"}],"about":[{"href":"https:\/\/tvc16.com\/portal\/wp-json\/wp\/v2\/types\/post"}],"author":[{"embeddable":true,"href":"https:\/\/tvc16.com\/portal\/wp-json\/wp\/v2\/users\/2"}],"replies":[{"embeddable":true,"href":"https:\/\/tvc16.com\/portal\/wp-json\/wp\/v2\/comments?post=1964"}],"version-history":[{"count":1,"href":"https:\/\/tvc16.com\/portal\/wp-json\/wp\/v2\/posts\/1964\/revisions"}],"predecessor-version":[{"id":1966,"href":"https:\/\/tvc16.com\/portal\/wp-json\/wp\/v2\/posts\/1964\/revisions\/1966"}],"wp:featuredmedia":[{"embeddable":true,"href":"https:\/\/tvc16.com\/portal\/wp-json\/wp\/v2\/media\/1965"}],"wp:attachment":[{"href":"https:\/\/tvc16.com\/portal\/wp-json\/wp\/v2\/media?parent=1964"}],"wp:term":[{"taxonomy":"category","embeddable":true,"href":"https:\/\/tvc16.com\/portal\/wp-json\/wp\/v2\/categories?post=1964"},{"taxonomy":"post_tag","embeddable":true,"href":"https:\/\/tvc16.com\/portal\/wp-json\/wp\/v2\/tags?post=1964"}],"curies":[{"name":"wp","href":"https:\/\/api.w.org\/{rel}","templated":true}]}}