{"id":1973,"date":"2020-10-05T14:39:35","date_gmt":"2020-10-05T14:39:35","guid":{"rendered":"https:\/\/tvc16.com\/portal\/?p=1973"},"modified":"2020-10-05T14:39:35","modified_gmt":"2020-10-05T14:39:35","slug":"italia-deve-impor-restricoes-para-conter-aumento-da-covid-19","status":"publish","type":"post","link":"https:\/\/tvc16.com\/portal\/2020\/10\/05\/italia-deve-impor-restricoes-para-conter-aumento-da-covid-19\/","title":{"rendered":"It\u00e1lia deve impor restri\u00e7\u00f5es para conter aumento da covid-19"},"content":{"rendered":"\n<p>Informa\u00e7\u00e3o \u00e9 do ministro da Sa\u00fade, Roberto Speranza<\/p>\n\n\n\n<h4 class=\"wp-block-heading\">Por Crispian Balmer &#8211; Rep\u00f3rter da Reuters &#8211; Roma<\/h4>\n\n\n\n<p>O governo italiano deve impor novas restri\u00e7\u00f5es no pa\u00eds na pr\u00f3xima semana para tentar conter o n\u00famero crescente de casos do novo coronav\u00edrus, disse o ministro da Sa\u00fade, Roberto Speranza.<img decoding=\"async\" src=\"https:\/\/agenciabrasil.ebc.com.br\/ebc.png?id=1389785&amp;o=node\"><img decoding=\"async\" src=\"https:\/\/agenciabrasil.ebc.com.br\/ebc.gif?id=1389785&amp;o=node\"><\/p>\n\n\n\n<p>O gabinete deve se reunir na&nbsp;ter\u00e7a-feira (6) para decidir como reagir\u00e1 ao aumento no n\u00famero de infec\u00e7\u00f5es, com o Sul da It\u00e1lia pela primeira vez parecendo mais vulner\u00e1vel \u00e0 doen\u00e7a.<\/p>\n\n\n\n<p>&#8220;A batalha ainda n\u00e3o acabou. N\u00e3o temos os n\u00fameros vistos em outros pa\u00edses europeus, mas estamos em uma fase de crescimento significativo e espero que o pa\u00eds encontre esp\u00edrito de unidade&#8221;, disse Speranza \u00e0 emissora estatal RAI.<\/p>\n\n\n\n<p>As medidas em an\u00e1lise incluem tornar obrigat\u00f3rio o uso de m\u00e1scaras ao ar livre em todo o pa\u00eds e retomar restri\u00e7\u00f5es \u00e0s reuni\u00f5es sociais.<\/p>\n\n\n\n<p>A It\u00e1lia registrou 2.844 novos casos no s\u00e1bado (3), o maior n\u00famero desde o fim&nbsp;de abril, quando o pa\u00eds estava sob&nbsp;<em>lockdown<\/em>. As autoridades est\u00e3o alarmadas com os surtos no Sul, na regi\u00e3o da Camp\u00e2nia, principalmente N\u00e1poles, onde s\u00e3o notificadas mais de 400 novas infec\u00e7\u00f5es por dia pela primeira vez.<\/p>\n\n\n\n<p>Para ajudar a manter o controle e garantir que as regras de distanciamento social sejam respeitadas, o Minist\u00e9rio do Interior disse que soldados podem ser enviados, bem como a pol\u00edcia, a alguns pontos cr\u00edticos.<\/p>\n\n\n\n<p>A It\u00e1lia foi o primeiro pa\u00eds da Europa a ser atingido pela covid-19 e tem o sexto maior n\u00famero de mortes no mundo, com quase 36 mil v\u00edtimas desde o in\u00edcio do surto em fevereiro. At\u00e9&nbsp;s\u00e1bado, haviam sido registrados 322.751 casos.<\/p>\n","protected":false},"excerpt":{"rendered":"<p>Informa\u00e7\u00e3o \u00e9 do ministro da Sa\u00fade, Roberto Speranza Por Crispian Balmer &#8211; Rep\u00f3rter da Reuters<\/p>\n","protected":false},"author":2,"featured_media":1974,"comment_status":"open","ping_status":"open","sticky":false,"template":"","format":"standard","meta":{"footnotes":""},"categories":[22],"tags":[],"class_list":["post-1973","post","type-post","status-publish","format-standard","has-post-thumbnail","hentry","category-internacional"],"_links":{"self":[{"href":"https:\/\/tvc16.com\/portal\/wp-json\/wp\/v2\/posts\/1973","targetHints":{"allow":["GET"]}}],"collection":[{"href":"https:\/\/tvc16.com\/portal\/wp-json\/wp\/v2\/posts"}],"about":[{"href":"https:\/\/tvc16.com\/portal\/wp-json\/wp\/v2\/types\/post"}],"author":[{"embeddable":true,"href":"https:\/\/tvc16.com\/portal\/wp-json\/wp\/v2\/users\/2"}],"replies":[{"embeddable":true,"href":"https:\/\/tvc16.com\/portal\/wp-json\/wp\/v2\/comments?post=1973"}],"version-history":[{"count":1,"href":"https:\/\/tvc16.com\/portal\/wp-json\/wp\/v2\/posts\/1973\/revisions"}],"predecessor-version":[{"id":1975,"href":"https:\/\/tvc16.com\/portal\/wp-json\/wp\/v2\/posts\/1973\/revisions\/1975"}],"wp:featuredmedia":[{"embeddable":true,"href":"https:\/\/tvc16.com\/portal\/wp-json\/wp\/v2\/media\/1974"}],"wp:attachment":[{"href":"https:\/\/tvc16.com\/portal\/wp-json\/wp\/v2\/media?parent=1973"}],"wp:term":[{"taxonomy":"category","embeddable":true,"href":"https:\/\/tvc16.com\/portal\/wp-json\/wp\/v2\/categories?post=1973"},{"taxonomy":"post_tag","embeddable":true,"href":"https:\/\/tvc16.com\/portal\/wp-json\/wp\/v2\/tags?post=1973"}],"curies":[{"name":"wp","href":"https:\/\/api.w.org\/{rel}","templated":true}]}}