{"id":1976,"date":"2020-10-05T14:40:55","date_gmt":"2020-10-05T14:40:55","guid":{"rendered":"https:\/\/tvc16.com\/portal\/?p=1976"},"modified":"2020-10-05T14:40:55","modified_gmt":"2020-10-05T14:40:55","slug":"nova-york-planeja-lockdown-em-pontos-criticos-a-partir-de-quarta","status":"publish","type":"post","link":"https:\/\/tvc16.com\/portal\/2020\/10\/05\/nova-york-planeja-lockdown-em-pontos-criticos-a-partir-de-quarta\/","title":{"rendered":"Nova York planeja lockdown em pontos cr\u00edticos a partir de quarta"},"content":{"rendered":"\n<p>Prefeito diz que cidade se prepara para fechar neg\u00f3cios n\u00e3o essenciais<\/p>\n\n\n\n<h4 class=\"wp-block-heading\">Por Reuters &#8211; Nova York<\/h4>\n\n\n\n<p>O prefeito de Nova York, Bill de Blasio, disse que a cidade se prepara para fechar neg\u00f3cios n\u00e3o essenciais e tamb\u00e9m escolas em nove bairros identificados como focos do novo coronav\u00edrus a partir da pr\u00f3xima&nbsp;quarta-feira (7), em uma tentativa de conter a dissemina\u00e7\u00e3o da covid-19 no que j\u00e1 foi o epicentro da pandemia nos Estados Unidos.<img decoding=\"async\" src=\"https:\/\/agenciabrasil.ebc.com.br\/ebc.png?id=1389783&amp;o=node\"><img decoding=\"async\" src=\"https:\/\/agenciabrasil.ebc.com.br\/ebc.gif?id=1389783&amp;o=node\"><\/p>\n\n\n\n<p>Buscando a aprova\u00e7\u00e3o do governo do estado para o&nbsp;<em>lockdown<\/em>, de Blasio afirmou que a medida afetar\u00e1&nbsp;nove regi\u00f5es onde as taxas de testes positivos para o novo coronav\u00edrus aumentaram, possivelmente como resultado de falha no distanciamento social e no uso de m\u00e1scaras faciais. Ele acrescentou que bairros em mais 11 \u00e1reas da cidade est\u00e3o em uma &#8220;lista de observa\u00e7\u00e3o&#8221; por causa de suas crescentes taxas.<\/p>\n\n\n\n<p>Nova York \u00e9 um dos 18 estados onde os casos n\u00e3o aumentaram nas duas \u00faltimas semanas, de acordo com an\u00e1lise da Reuters. Nove estados relataram aumentos recordes em casos de covid-19 nos \u00faltimos sete dias, principalmente no meio-oeste e no oeste, onde o clima leva a atividades em ambientes fechados.<\/p>\n\n\n\n<p>Se o governador de Nova York, Andrew Cuomo, aprovar a paralisa\u00e7\u00e3o, \u00e1reas do Brooklyn e do Queens seriam obrigadas a fechar todos os estabelecimentos n\u00e3o essenciais, restaurantes e escolas p\u00fablicas e privadas. Cerca de 100 escolas p\u00fablicas e 200 escolas privadas seriam fechadas por um per\u00edodo entre duas e quatro semanas, caso&nbsp;a aprova\u00e7\u00e3o do estado seja obtida, disse o prefeito.<\/p>\n","protected":false},"excerpt":{"rendered":"<p>Prefeito diz que cidade se prepara para fechar neg\u00f3cios n\u00e3o essenciais Por Reuters &#8211; Nova<\/p>\n","protected":false},"author":2,"featured_media":1977,"comment_status":"open","ping_status":"open","sticky":false,"template":"","format":"standard","meta":{"footnotes":""},"categories":[22],"tags":[],"class_list":["post-1976","post","type-post","status-publish","format-standard","has-post-thumbnail","hentry","category-internacional"],"_links":{"self":[{"href":"https:\/\/tvc16.com\/portal\/wp-json\/wp\/v2\/posts\/1976","targetHints":{"allow":["GET"]}}],"collection":[{"href":"https:\/\/tvc16.com\/portal\/wp-json\/wp\/v2\/posts"}],"about":[{"href":"https:\/\/tvc16.com\/portal\/wp-json\/wp\/v2\/types\/post"}],"author":[{"embeddable":true,"href":"https:\/\/tvc16.com\/portal\/wp-json\/wp\/v2\/users\/2"}],"replies":[{"embeddable":true,"href":"https:\/\/tvc16.com\/portal\/wp-json\/wp\/v2\/comments?post=1976"}],"version-history":[{"count":1,"href":"https:\/\/tvc16.com\/portal\/wp-json\/wp\/v2\/posts\/1976\/revisions"}],"predecessor-version":[{"id":1978,"href":"https:\/\/tvc16.com\/portal\/wp-json\/wp\/v2\/posts\/1976\/revisions\/1978"}],"wp:featuredmedia":[{"embeddable":true,"href":"https:\/\/tvc16.com\/portal\/wp-json\/wp\/v2\/media\/1977"}],"wp:attachment":[{"href":"https:\/\/tvc16.com\/portal\/wp-json\/wp\/v2\/media?parent=1976"}],"wp:term":[{"taxonomy":"category","embeddable":true,"href":"https:\/\/tvc16.com\/portal\/wp-json\/wp\/v2\/categories?post=1976"},{"taxonomy":"post_tag","embeddable":true,"href":"https:\/\/tvc16.com\/portal\/wp-json\/wp\/v2\/tags?post=1976"}],"curies":[{"name":"wp","href":"https:\/\/api.w.org\/{rel}","templated":true}]}}