{"id":1982,"date":"2020-10-05T14:50:00","date_gmt":"2020-10-05T14:50:00","guid":{"rendered":"https:\/\/tvc16.com\/portal\/?p=1982"},"modified":"2020-10-05T14:50:00","modified_gmt":"2020-10-05T14:50:00","slug":"governo-autoriza-envio-da-forca-nacional-para-mato-grosso-do-sul","status":"publish","type":"post","link":"https:\/\/tvc16.com\/portal\/2020\/10\/05\/governo-autoriza-envio-da-forca-nacional-para-mato-grosso-do-sul\/","title":{"rendered":"Governo autoriza envio da For\u00e7a Nacional para Mato Grosso do Sul"},"content":{"rendered":"\n<p>Efetivo vai ajudar a combater inc\u00eandios no Pantanal<\/p>\n\n\n\n<h4 class=\"wp-block-heading\">Por Karine Melo &#8211; Rep\u00f3rter da Ag\u00eancia Brasil &#8211; Bras\u00edlia<\/h4>\n\n\n\n<p>O<em><a href=\"http:\/\/in.gov.br\/en\/web\/dou\/-\/portaria-n-556-de-2-de-outubro-de-2020-281068209\" target=\"_blank\" rel=\"noreferrer noopener\">&nbsp;Di\u00e1rio Oficial da Uni\u00e3o<\/a><\/em>&nbsp;publica hoje (5) a autoriza\u00e7\u00e3o do emprego da For\u00e7a Nacional de Seguran\u00e7a P\u00fablica nas a\u00e7\u00f5es de combate a inc\u00eandios florestais e queimadas no Pantanal, em Mato Grosso do Sul. A medida vale por 30 dias, de 4 de outubro a 2 de novembro, mas pode ser prorrogada, se necess\u00e1rio.<img decoding=\"async\" src=\"https:\/\/agenciabrasil.ebc.com.br\/ebc.png?id=1389793&amp;o=node\"><img decoding=\"async\" src=\"https:\/\/agenciabrasil.ebc.com.br\/ebc.gif?id=1389793&amp;o=node\"><\/p>\n\n\n\n<p>O efetivo, segundo portaria assinada pelo ministro da Justi\u00e7a e Seguran\u00e7a P\u00fablica, Andr\u00e9 Mendon\u00e7a, tamb\u00e9m poder\u00e1 atuar em atividades de defesa civil em defesa do meio ambiente e nos \u201cservi\u00e7os imprescind\u00edveis \u00e0 preserva\u00e7\u00e3o da ordem p\u00fablica e da incolumidade das pessoas e do patrim\u00f4nio\u201d.<\/p>\n\n\n\n<h2 class=\"wp-block-heading\">Equipamentos<\/h2>\n\n\n\n<p>Segundo o minist\u00e9rio, o envio atende a&nbsp;<a href=\"http:\/\/agenciabrasil.ebc.com.br\/geral\/noticia\/2020-10\/forca-nacional-vai-reforcar-combate-aos-incendios-no-pantanal\" target=\"_blank\" rel=\"noreferrer noopener\">pedido&nbsp;<\/a>do governador do estado, Reinaldo Azambuja. Al\u00e9m do efetivo da For\u00e7a Nacional, o apoio ao estado conta com o envio de 12 viaturas. O combate \u00e0s queimadas ser\u00e1 realizado por profissionais e equipamentos especializados neste tipo de a\u00e7\u00e3o.<\/p>\n\n\n\n<h2 class=\"wp-block-heading\">Assist\u00eancia<\/h2>\n\n\n\n<p>Mais de 40 bombeiros da For\u00e7a Nacional de Seguran\u00e7a P\u00fablica j\u00e1 atuam desde o dia 24 de setembro na regi\u00e3o pantaneira, na divisa entre Mato Grosso e Mato Grosso do Sul. Al\u00e9m do apoio ao estado no combate aos inc\u00eandios florestais, o efetivo mobilizado realizou assist\u00eancia humanit\u00e1ria \u00e0s fam\u00edlias ribeirinhas \u00e0 margem do Rio Paraguai. Elas tiveram suas resid\u00eancias atingidas pelo fogo.<\/p>\n\n\n\n<p>De acordo com minist\u00e9rio, os militares est\u00e3o atuando em localidades da regi\u00e3o do Pantanal, al\u00e9m de auxiliar na conten\u00e7\u00e3o em propriedades particulares e de \u00e1reas de preserva\u00e7\u00e3o ambiental. Eles est\u00e3o apoiando, tamb\u00e9m, o trabalho no posto de atendimento de emerg\u00eancia a animais silvestres, juntamente com Defesa Civil, Pol\u00edcia Ambiental, volunt\u00e1rios, bi\u00f3logos e m\u00e9dicos veterin\u00e1rios, entre outros.<\/p>\n\n\n\n<p>Edi\u00e7\u00e3o: Kleber Sampaio<\/p>\n","protected":false},"excerpt":{"rendered":"<p>Efetivo vai ajudar a combater inc\u00eandios no Pantanal Por Karine Melo &#8211; Rep\u00f3rter da Ag\u00eancia<\/p>\n","protected":false},"author":2,"featured_media":1983,"comment_status":"open","ping_status":"open","sticky":false,"template":"","format":"standard","meta":{"footnotes":""},"categories":[17],"tags":[],"class_list":["post-1982","post","type-post","status-publish","format-standard","has-post-thumbnail","hentry","category-outras-noticias"],"_links":{"self":[{"href":"https:\/\/tvc16.com\/portal\/wp-json\/wp\/v2\/posts\/1982","targetHints":{"allow":["GET"]}}],"collection":[{"href":"https:\/\/tvc16.com\/portal\/wp-json\/wp\/v2\/posts"}],"about":[{"href":"https:\/\/tvc16.com\/portal\/wp-json\/wp\/v2\/types\/post"}],"author":[{"embeddable":true,"href":"https:\/\/tvc16.com\/portal\/wp-json\/wp\/v2\/users\/2"}],"replies":[{"embeddable":true,"href":"https:\/\/tvc16.com\/portal\/wp-json\/wp\/v2\/comments?post=1982"}],"version-history":[{"count":1,"href":"https:\/\/tvc16.com\/portal\/wp-json\/wp\/v2\/posts\/1982\/revisions"}],"predecessor-version":[{"id":1984,"href":"https:\/\/tvc16.com\/portal\/wp-json\/wp\/v2\/posts\/1982\/revisions\/1984"}],"wp:featuredmedia":[{"embeddable":true,"href":"https:\/\/tvc16.com\/portal\/wp-json\/wp\/v2\/media\/1983"}],"wp:attachment":[{"href":"https:\/\/tvc16.com\/portal\/wp-json\/wp\/v2\/media?parent=1982"}],"wp:term":[{"taxonomy":"category","embeddable":true,"href":"https:\/\/tvc16.com\/portal\/wp-json\/wp\/v2\/categories?post=1982"},{"taxonomy":"post_tag","embeddable":true,"href":"https:\/\/tvc16.com\/portal\/wp-json\/wp\/v2\/tags?post=1982"}],"curies":[{"name":"wp","href":"https:\/\/api.w.org\/{rel}","templated":true}]}}