{"id":1985,"date":"2020-10-05T14:55:30","date_gmt":"2020-10-05T14:55:30","guid":{"rendered":"https:\/\/tvc16.com\/portal\/?p=1985"},"modified":"2020-10-05T15:00:17","modified_gmt":"2020-10-05T15:00:17","slug":"rombo-nas-contas-publicas-pode-chegar-a-3-do-pib","status":"publish","type":"post","link":"https:\/\/tvc16.com\/portal\/2020\/10\/05\/rombo-nas-contas-publicas-pode-chegar-a-3-do-pib\/","title":{"rendered":"Rombo nas contas p\u00fablicas pode chegar a 3% do PIB"},"content":{"rendered":"\n<p>As contas p\u00fablicas brasileiras podem passar por um \u201cd\u00e9ficit substancial\u201d em 2021 devido \u00e0 pandemia do novo coronav\u00edrus. A estimativa \u00e9 de que o rombo seja de R$ 233,6 bilh\u00f5es, segundo projeto de Lei Or\u00e7ament\u00e1ria Anual (PLN 28\/2020), o equivalente a 3% do Produto Interno Brasileiro (PIB). A <a href=\"https:\/\/www.camara.leg.br\/internet\/comissao\/index\/mista\/orca\/orcamento\/OR2021\/ntc_04_20_LOA-2021.pdf\" target=\"_blank\" rel=\"noreferrer noopener\">proje\u00e7\u00e3o<\/a> foi feita pelas consultorias de Or\u00e7amento do Senado e da C\u00e2mara dos Deputados e publicada na \u00faltima quarta-feira (30).&nbsp;&nbsp;<\/p>\n\n\n\n<p>Apesar de ser o pior resultado desde 2002, de acordo com os especialistas do Congresso Nacional, o d\u00e9ficit projetado para pr\u00f3ximo ano representa um \u201cnot\u00e1vel ajuste fiscal\u201d em rela\u00e7\u00e3o a 2020. Por conta das medidas adotadas para o enfrentamento \u00e0 doen\u00e7a, que j\u00e1 atingiu a marca de quase cinco milh\u00f5es de casos confirmados, a conta deve ultrapassar o equivalente a 12,1% do PIB neste ano.<\/p>\n\n\n\n<p>\u201cA quest\u00e3o do d\u00e9ficit p\u00fablico \u00e9 conhecida h\u00e1 muitos anos. Nesse ano, j\u00e1 estava previsto um d\u00e9ficit na faixa de R$ 140 bilh\u00f5es, R$ 150 bilh\u00f5es. No entanto, a pandemia agravou esse cen\u00e1rio e fez com que o governo gastasse muito mais, ultrapassando os R$ 400 bi. Em termos de d\u00edvida p\u00fablica, isso equivale a quase 100% do PIB\u201d, alerta o economista e presidente do Conselho Regional de Economia do Distrito Federal (Corecon-DF), C\u00e9sar Bergo.&nbsp;<\/p>\n\n\n\n<p>A nota prev\u00ea uma recupera\u00e7\u00e3o da atividade econ\u00f4mica a partir do ano que vem, com crescimento de 3,2% em 2021. Mas esse aumento, segundo a nota, \u201cn\u00e3o \u00e9 suficiente para recuperar as perdas de 2020.\u201d Os consultores das duas Casas acreditam que o restabelecimento do setor s\u00f3 deve ocorrer em 2022.&nbsp;<\/p>\n\n\n\n<p>C\u00e9sar Bergo refuta esse \u201cotimismo\u201d e avisa que o cen\u00e1rio para o ano que vem n\u00e3o \u00e9 nada animador. \u201cDeve aumentar esse d\u00e9ficit para cerca de R$ 250 bilh\u00f5es e alguma recupera\u00e7\u00e3o poder\u00e1 ser notada a partir de 2024, 2025, porque, at\u00e9 l\u00e1, vamos viver com os reflexos dessa pandemia, que n\u00e3o foram poucos. S\u00f3 com o surgimento de uma nova vacina \u00e9 que podemos aguardar uma melhora substancial nos n\u00fameros das finan\u00e7as p\u00fablicas\u201d, projeta.&nbsp;<\/p>\n\n\n\n<figure class=\"wp-block-image\"><img decoding=\"async\" src=\"\/\/s3-sa-east-1.amazonaws.com\/agencia-radio-arb\/2977\/content_Pontos-principais.jpg\" alt=\"\" title=\"Cria\u00e7\u00e3o: Sabrine Cruz\"\/><\/figure>\n\n\n\n<p>Na an\u00e1lise do vice-presidente do Sindicato dos Economistas do estado de S\u00e3o Paulo e conselheiro do Conselho Regional de Economia do estado de S\u00e3o Paulo, Gilson Gar\u00f3falo, a recupera\u00e7\u00e3o econ\u00f4mica ainda pode demorar. \u201cTalvez no ano que vem, a gente consiga o crescimento de 3%, mas se levar em conta o que aconteceu esse ano, esse aumento nem reporia o que foi gasto em&nbsp;2020\u201d, prev\u00ea.&nbsp;<\/p>\n\n\n\n<p>O PLN 28\/20, enviado em agosto para o Congresso Nacional, prev\u00ea um or\u00e7amento de R$ 4,29 trilh\u00f5es em 2021. No entanto, segundo a nota conjunta, \u201cparcelas dessas proje\u00e7\u00f5es n\u00e3o correspondem rigorosamente \u00e0 estimativa de receita nem \u00e0 fixa\u00e7\u00e3o de despesa\u201d. A nota continua demonstrando que R$ 453,7 bilh\u00f5es desse total adv\u00eam de opera\u00e7\u00f5es de cr\u00e9dito que ultrapassam o limite constitucional. Por isso, s\u00e3o empr\u00e9stimos que precisam ser aprovados pelo Congresso, com valor equivalente a 10,5% da proposta or\u00e7ament\u00e1ria.<\/p>\n\n\n\n<p>Para a sa\u00fade, setor colapsado devido \u00e0 doen\u00e7a, o piso constitucional \u00e9 de R$ 123,8 bilh\u00f5es em 2021, de acordo com o PLN. O projeto destina R$ 124,6 bilh\u00f5es para a\u00e7\u00f5es e servi\u00e7os p\u00fablicos de sa\u00fade. Devem ser aplicados, ainda, outros R$ 729,3 milh\u00f5es na \u00e1rea da sa\u00fade, decorrentes de receitas de royalties e de participa\u00e7\u00e3o especial pela explora\u00e7\u00e3o de petr\u00f3leo e g\u00e1s natural.&nbsp;<\/p>\n\n\n\n<p>Para a educa\u00e7\u00e3o, foram reservados R$ 98,9 bilh\u00f5es para manuten\u00e7\u00e3o e desenvolvimento do setor. O m\u00ednimo previsto pela Constitui\u00e7\u00e3o \u00e9 de R$ 55,6 bilh\u00f5es.&nbsp;<\/p>\n\n\n\n<p>Para Gilson Gar\u00f3falo, a pandemia deixou marcas profundas na economia dentro das previs\u00f5es que o governo tinha para esse ano. Ele explica que as receitas est\u00e3o diretamente ligadas ao n\u00edvel de atividade econ\u00f4mica.<\/p>\n\n\n\n<p>\u201cTivemos uma queda da atividade econ\u00f4mica, que agora come\u00e7a a dar algum sinal de recupera\u00e7\u00e3o, j\u00e1 que, no transcorrer de seis meses, esse n\u00edvel esteve bastante prejudicado. Evidentemente, as arrecada\u00e7\u00f5es do governo, por meio dos v\u00e1rios tributos, impostos e taxas, tamb\u00e9m foram afetadas\u201d, constata o economista.&nbsp;<\/p>\n\n\n\n<p>As consequ\u00eancias disso, de acordo com Gar\u00f3falo, s\u00e3o vis\u00edveis. \u201cEmbora as receitas tenham sido afetadas, n\u00e3o podemos dizer o mesmo das despesas. O governo teve que arcar com uma gama enorme de sobrecarga e a gente sabe que os recursos s\u00e3o escassos. Quando voc\u00ea atende um segmento, certamente est\u00e1 prejudicando o atendimento a outro setor.\u201d &nbsp;&nbsp;<\/p>\n\n\n\n<p>Os especialistas no setor, como refor\u00e7a o economista, dizem que a cada ponto a menos na previs\u00e3o do PIB, a Uni\u00e3o deixa de arrecadar entre R$ 15 e R$ 20 bilh\u00f5es de reais. \u201c\u00c9 uma soma substancial que afeta e aumenta o buraco das contas governamentais\u201d, avisa.&nbsp;<\/p>\n\n\n\n<p>Ele projeta que o setor agropecu\u00e1rio fa\u00e7a a economia \u201crespirar\u201d um pouco. \u201cA gente nota uma sens\u00edvel recupera\u00e7\u00e3o no n\u00edvel de atividade econ\u00f4mica, principalmente dentro do setor prim\u00e1rio, por meio das comodities agr\u00edcolas. H\u00e1 uma expans\u00e3o favor\u00e1vel no setor de agropecu\u00e1ria e isso traz reflexos favor\u00e1veis nas nossas rela\u00e7\u00f5es com o exterior\u201d, aponta. Outra aposta para a economia voltar a crescer, segundo Gar\u00f3falo, \u00e9 o Aux\u00edlio Emergencial, previsto at\u00e9 o fim deste ano. &nbsp;<\/p>\n\n\n\n<p>\u201cUma das alternativas para minimizar o d\u00e9ficit \u00e9 por meio da venda de ativos, para que o governo possa fazer caixa. Isso seria o governo passar para a iniciativa privada algumas empresas\u201d, opina o vice-presidente do Sindicato dos Economistas do estado de S\u00e3o Paulo e conselheiro do Conselho Regional de Economia do estado de S\u00e3o Paulo, Gilson Gar\u00f3falo.<\/p>\n\n\n\n<p>Ainda segundo an\u00e1lise da nota, a Uni\u00e3o deve gastar mais de R$ 360 bilh\u00f5es com pessoal e encargos sociais em 2021 \u2013 valor superior a 5,36% se comparado a 2020. J\u00e1 o d\u00e9ficit consolidado para o regime pr\u00f3prio de previd\u00eancia dos servidores e para as pens\u00f5es dos militares \u00e9 estimado em R$ 63,6 bilh\u00f5es. As despesas do Regime Geral de Previd\u00eancia Social devem alcan\u00e7ar R$ 712 bilh\u00f5es. O d\u00e9ficit estimado \u00e9 de R$ 294,5 bilh\u00f5es \u2014 ou 3,8% do PIB.<\/p>\n\n\n\n<p>Fonte: <a href=\"https:\/\/brasil61.com\/noticias\/rombo-nas-contas-publicas-pode-chegar-a-3-do-pib-bras202090\" target=\"_blank\" rel=\"noreferrer noopener\">Brasil 61<\/a><\/p>\n","protected":false},"excerpt":{"rendered":"<p>As contas p\u00fablicas brasileiras podem passar por um \u201cd\u00e9ficit substancial\u201d em 2021 devido \u00e0 pandemia<\/p>\n","protected":false},"author":2,"featured_media":1991,"comment_status":"open","ping_status":"open","sticky":false,"template":"","format":"standard","meta":{"footnotes":""},"categories":[18],"tags":[],"class_list":["post-1985","post","type-post","status-publish","format-standard","has-post-thumbnail","hentry","category-economia"],"_links":{"self":[{"href":"https:\/\/tvc16.com\/portal\/wp-json\/wp\/v2\/posts\/1985","targetHints":{"allow":["GET"]}}],"collection":[{"href":"https:\/\/tvc16.com\/portal\/wp-json\/wp\/v2\/posts"}],"about":[{"href":"https:\/\/tvc16.com\/portal\/wp-json\/wp\/v2\/types\/post"}],"author":[{"embeddable":true,"href":"https:\/\/tvc16.com\/portal\/wp-json\/wp\/v2\/users\/2"}],"replies":[{"embeddable":true,"href":"https:\/\/tvc16.com\/portal\/wp-json\/wp\/v2\/comments?post=1985"}],"version-history":[{"count":1,"href":"https:\/\/tvc16.com\/portal\/wp-json\/wp\/v2\/posts\/1985\/revisions"}],"predecessor-version":[{"id":1987,"href":"https:\/\/tvc16.com\/portal\/wp-json\/wp\/v2\/posts\/1985\/revisions\/1987"}],"wp:featuredmedia":[{"embeddable":true,"href":"https:\/\/tvc16.com\/portal\/wp-json\/wp\/v2\/media\/1991"}],"wp:attachment":[{"href":"https:\/\/tvc16.com\/portal\/wp-json\/wp\/v2\/media?parent=1985"}],"wp:term":[{"taxonomy":"category","embeddable":true,"href":"https:\/\/tvc16.com\/portal\/wp-json\/wp\/v2\/categories?post=1985"},{"taxonomy":"post_tag","embeddable":true,"href":"https:\/\/tvc16.com\/portal\/wp-json\/wp\/v2\/tags?post=1985"}],"curies":[{"name":"wp","href":"https:\/\/api.w.org\/{rel}","templated":true}]}}