{"id":1995,"date":"2020-10-05T15:11:00","date_gmt":"2020-10-05T15:11:00","guid":{"rendered":"https:\/\/tvc16.com\/portal\/?p=1995"},"modified":"2020-10-05T15:21:56","modified_gmt":"2020-10-05T15:21:56","slug":"comissao-mista-de-orcamento-sera-instalada-no-congresso-nacional-nesta-terca-feira-6","status":"publish","type":"post","link":"https:\/\/tvc16.com\/portal\/2020\/10\/05\/comissao-mista-de-orcamento-sera-instalada-no-congresso-nacional-nesta-terca-feira-6\/","title":{"rendered":"Comiss\u00e3o Mista de Or\u00e7amento ser\u00e1 instalada no Congresso Nacional, nesta ter\u00e7a-feira (6)"},"content":{"rendered":"\n<p>A Comiss\u00e3o Mista de Or\u00e7amento (CMO) tem previs\u00e3o de ser instalada nesta ter\u00e7a-feira (6), no Congresso Nacional. Deve haver,&nbsp;tamb\u00e9m, elei\u00e7\u00e3o do presidente e dos tr\u00eas vice-presidentes do colegiado. A CMO \u00e9 respons\u00e1vel por analisar a proposta de Lei Or\u00e7ament\u00e1ria Anual (LOA) de 2021.<\/p>\n\n\n\n<p>A LOA entregue pelo governo altera o sal\u00e1rio m\u00ednimo dos atuais R$ 1.045 para R$ 1.067. J\u00e1 a estimativa do d\u00e9ficit das contas do governo deve ultrapassar R$ 233 bilh\u00f5es, no ano que vem.<\/p>\n\n\n\n<p>Composta por 40 parlamentares, sendo 30 deputados e 10 senadores, a comiss\u00e3o deve analisar a proposta para tentar equilibrar as contas do governo, as perdas de arrecada\u00e7\u00e3o e o aumento de gastos causados pela pandemia do Covid-19.&nbsp;<\/p>\n\n\n\n<p>O colegiado tamb\u00e9m vai analisar o projeto da Lei de Diretrizes Or\u00e7ament\u00e1rias (LDO) para o ano que vem, que estabelece os par\u00e2metros do or\u00e7amento para 2021. A equipe econ\u00f4mica sugeriu a ado\u00e7\u00e3o de uma meta fiscal flex\u00edvel, diante dos efeitos da pandemia nas contas p\u00fablicas.&nbsp;<\/p>\n\n\n\n<p>Fonte: <a href=\"https:\/\/brasil61.com\/noticias\/comissao-mista-de-orcamento-sera-instalada-no-congresso-nacional-nesta-terca-feira-6-bras202095\" target=\"_blank\" rel=\"noreferrer noopener\">Brasil 61<\/a><\/p>\n","protected":false},"excerpt":{"rendered":"<p>A Comiss\u00e3o Mista de Or\u00e7amento (CMO) tem previs\u00e3o de ser instalada nesta ter\u00e7a-feira (6), no<\/p>\n","protected":false},"author":2,"featured_media":2009,"comment_status":"open","ping_status":"open","sticky":false,"template":"","format":"standard","meta":{"footnotes":""},"categories":[15],"tags":[],"class_list":["post-1995","post","type-post","status-publish","format-standard","has-post-thumbnail","hentry","category-politica"],"_links":{"self":[{"href":"https:\/\/tvc16.com\/portal\/wp-json\/wp\/v2\/posts\/1995","targetHints":{"allow":["GET"]}}],"collection":[{"href":"https:\/\/tvc16.com\/portal\/wp-json\/wp\/v2\/posts"}],"about":[{"href":"https:\/\/tvc16.com\/portal\/wp-json\/wp\/v2\/types\/post"}],"author":[{"embeddable":true,"href":"https:\/\/tvc16.com\/portal\/wp-json\/wp\/v2\/users\/2"}],"replies":[{"embeddable":true,"href":"https:\/\/tvc16.com\/portal\/wp-json\/wp\/v2\/comments?post=1995"}],"version-history":[{"count":1,"href":"https:\/\/tvc16.com\/portal\/wp-json\/wp\/v2\/posts\/1995\/revisions"}],"predecessor-version":[{"id":1997,"href":"https:\/\/tvc16.com\/portal\/wp-json\/wp\/v2\/posts\/1995\/revisions\/1997"}],"wp:featuredmedia":[{"embeddable":true,"href":"https:\/\/tvc16.com\/portal\/wp-json\/wp\/v2\/media\/2009"}],"wp:attachment":[{"href":"https:\/\/tvc16.com\/portal\/wp-json\/wp\/v2\/media?parent=1995"}],"wp:term":[{"taxonomy":"category","embeddable":true,"href":"https:\/\/tvc16.com\/portal\/wp-json\/wp\/v2\/categories?post=1995"},{"taxonomy":"post_tag","embeddable":true,"href":"https:\/\/tvc16.com\/portal\/wp-json\/wp\/v2\/tags?post=1995"}],"curies":[{"name":"wp","href":"https:\/\/api.w.org\/{rel}","templated":true}]}}