{"id":2004,"date":"2020-10-05T15:16:17","date_gmt":"2020-10-05T15:16:17","guid":{"rendered":"https:\/\/tvc16.com\/portal\/?p=2004"},"modified":"2020-10-05T15:16:17","modified_gmt":"2020-10-05T15:16:17","slug":"mp-amplia-margem-de-emprestimo-consignado-para-aposentados-e-pensionistas","status":"publish","type":"post","link":"https:\/\/tvc16.com\/portal\/2020\/10\/05\/mp-amplia-margem-de-emprestimo-consignado-para-aposentados-e-pensionistas\/","title":{"rendered":"MP amplia margem de empr\u00e9stimo consignado para aposentados e pensionistas"},"content":{"rendered":"\n<p>A Presid\u00eancia da Rep\u00fablica editou Medida Provis\u00f3ria (1006\/2020) que amplia a margem de empr\u00e9stimo consignado para aposentados e pensionistas, do Instituto Nacional do Seguro Social (INSS).<\/p>\n\n\n\n<p>O novo limite passa de 30% para 40% do valor do benef\u00edcio, sendo que 5% devem ser destinados para saque o pagamento da fatura do cart\u00e3o de cr\u00e9dito.&nbsp;<\/p>\n\n\n\n<p>O governo espera aumentar a oferta de cr\u00e9dito na economia em meio \u00e0 crise econ\u00f4mica causada pela pandemia da Covid-19 e, assim, estimular o consumo no final do ano.\u00a0<\/p>\n\n\n\n<p>Fonte: <a href=\"https:\/\/brasil61.com\/noticias\/mp-amplia-margem-de-emprestimo-consignado-para-aposentados-e-pensionistas-bras202096\" target=\"_blank\" rel=\"noreferrer noopener\">Brasil 61<\/a><\/p>\n","protected":false},"excerpt":{"rendered":"<p>A Presid\u00eancia da Rep\u00fablica editou Medida Provis\u00f3ria (1006\/2020) que amplia a margem de empr\u00e9stimo consignado<\/p>\n","protected":false},"author":2,"featured_media":2005,"comment_status":"open","ping_status":"open","sticky":false,"template":"","format":"standard","meta":{"footnotes":""},"categories":[14],"tags":[],"class_list":["post-2004","post","type-post","status-publish","format-standard","has-post-thumbnail","hentry","category-pais"],"_links":{"self":[{"href":"https:\/\/tvc16.com\/portal\/wp-json\/wp\/v2\/posts\/2004","targetHints":{"allow":["GET"]}}],"collection":[{"href":"https:\/\/tvc16.com\/portal\/wp-json\/wp\/v2\/posts"}],"about":[{"href":"https:\/\/tvc16.com\/portal\/wp-json\/wp\/v2\/types\/post"}],"author":[{"embeddable":true,"href":"https:\/\/tvc16.com\/portal\/wp-json\/wp\/v2\/users\/2"}],"replies":[{"embeddable":true,"href":"https:\/\/tvc16.com\/portal\/wp-json\/wp\/v2\/comments?post=2004"}],"version-history":[{"count":1,"href":"https:\/\/tvc16.com\/portal\/wp-json\/wp\/v2\/posts\/2004\/revisions"}],"predecessor-version":[{"id":2006,"href":"https:\/\/tvc16.com\/portal\/wp-json\/wp\/v2\/posts\/2004\/revisions\/2006"}],"wp:featuredmedia":[{"embeddable":true,"href":"https:\/\/tvc16.com\/portal\/wp-json\/wp\/v2\/media\/2005"}],"wp:attachment":[{"href":"https:\/\/tvc16.com\/portal\/wp-json\/wp\/v2\/media?parent=2004"}],"wp:term":[{"taxonomy":"category","embeddable":true,"href":"https:\/\/tvc16.com\/portal\/wp-json\/wp\/v2\/categories?post=2004"},{"taxonomy":"post_tag","embeddable":true,"href":"https:\/\/tvc16.com\/portal\/wp-json\/wp\/v2\/tags?post=2004"}],"curies":[{"name":"wp","href":"https:\/\/api.w.org\/{rel}","templated":true}]}}