{"id":2017,"date":"2020-10-05T16:15:13","date_gmt":"2020-10-05T16:15:13","guid":{"rendered":"https:\/\/tvc16.com\/portal\/?p=2017"},"modified":"2020-10-05T19:44:47","modified_gmt":"2020-10-05T19:44:47","slug":"lei-federal-aldir-blanc-edital-para-selecionar-centros-e-projetos-culturais-que-receberao-o-auxilio-sera-publicado-hoje-no-d-o","status":"publish","type":"post","link":"https:\/\/tvc16.com\/portal\/2020\/10\/05\/lei-federal-aldir-blanc-edital-para-selecionar-centros-e-projetos-culturais-que-receberao-o-auxilio-sera-publicado-hoje-no-d-o\/","title":{"rendered":"Lei Federal Aldir Blanc: edital para selecionar centros e projetos culturais que receber\u00e3o o aux\u00edlio ser\u00e1 publicado hoje no D.O"},"content":{"rendered":"\n<p>O munic\u00edpio de Petr\u00f3polis ficou respons\u00e1vel pela distribui\u00e7\u00e3o de recursos para os espa\u00e7os de cultura, e tamb\u00e9m pelo edital, que ser\u00e1 publicado hoje (05), no Di\u00e1rio Oficial, e que selecionar\u00e1 os projetos culturais. Para atender a estas duas frentes a cidade receber\u00e1 R$ 1.936.795,75, da Lei Federal Aldir Blanc. Isso significa que ser\u00e3o beneficiadas academias de dan\u00e7a, bibliotecas e centros culturais em geral, assim como projetos do segmento.<\/p>\n\n\n\n<p><br>\u201cAqui na cidade vamos publicar um decreto municipal, que vai conter as regras para os artistas e produtores pleitearem os recursos para os espa\u00e7os de cultura. E logo em seguida o munic\u00edpio tamb\u00e9m vai lan\u00e7ar outro edital para a inscri\u00e7\u00e3o de projetos culturais. O munic\u00edpio fez o cadastramento na Mais Brasil, que \u00e9 uma plataforma do Governo Federal, e teve o plano de trabalho aprovado\u201d, informou a prefeitura.<\/p>\n","protected":false},"excerpt":{"rendered":"<p>O munic\u00edpio de Petr\u00f3polis ficou respons\u00e1vel pela distribui\u00e7\u00e3o de recursos para os espa\u00e7os de cultura,<\/p>\n","protected":false},"author":2,"featured_media":2018,"comment_status":"open","ping_status":"open","sticky":false,"template":"","format":"standard","meta":{"footnotes":""},"categories":[21],"tags":[],"class_list":["post-2017","post","type-post","status-publish","format-standard","has-post-thumbnail","hentry","category-cultura"],"_links":{"self":[{"href":"https:\/\/tvc16.com\/portal\/wp-json\/wp\/v2\/posts\/2017","targetHints":{"allow":["GET"]}}],"collection":[{"href":"https:\/\/tvc16.com\/portal\/wp-json\/wp\/v2\/posts"}],"about":[{"href":"https:\/\/tvc16.com\/portal\/wp-json\/wp\/v2\/types\/post"}],"author":[{"embeddable":true,"href":"https:\/\/tvc16.com\/portal\/wp-json\/wp\/v2\/users\/2"}],"replies":[{"embeddable":true,"href":"https:\/\/tvc16.com\/portal\/wp-json\/wp\/v2\/comments?post=2017"}],"version-history":[{"count":1,"href":"https:\/\/tvc16.com\/portal\/wp-json\/wp\/v2\/posts\/2017\/revisions"}],"predecessor-version":[{"id":2019,"href":"https:\/\/tvc16.com\/portal\/wp-json\/wp\/v2\/posts\/2017\/revisions\/2019"}],"wp:featuredmedia":[{"embeddable":true,"href":"https:\/\/tvc16.com\/portal\/wp-json\/wp\/v2\/media\/2018"}],"wp:attachment":[{"href":"https:\/\/tvc16.com\/portal\/wp-json\/wp\/v2\/media?parent=2017"}],"wp:term":[{"taxonomy":"category","embeddable":true,"href":"https:\/\/tvc16.com\/portal\/wp-json\/wp\/v2\/categories?post=2017"},{"taxonomy":"post_tag","embeddable":true,"href":"https:\/\/tvc16.com\/portal\/wp-json\/wp\/v2\/tags?post=2017"}],"curies":[{"name":"wp","href":"https:\/\/api.w.org\/{rel}","templated":true}]}}