{"id":2020,"date":"2020-10-05T16:20:42","date_gmt":"2020-10-05T16:20:42","guid":{"rendered":"https:\/\/tvc16.com\/portal\/?p=2020"},"modified":"2020-10-05T16:20:42","modified_gmt":"2020-10-05T16:20:42","slug":"secretaria-de-educacao-abre-cadastro-para-vagas-em-creches-do-municipio","status":"publish","type":"post","link":"https:\/\/tvc16.com\/portal\/2020\/10\/05\/secretaria-de-educacao-abre-cadastro-para-vagas-em-creches-do-municipio\/","title":{"rendered":"Secretaria de Educa\u00e7\u00e3o abre cadastro para vagas em creches do munic\u00edpio"},"content":{"rendered":"\n<p><strong>Polos de atendimentos no Centro e nos bairros<\/strong><\/p>\n\n\n\n<p>A Secretaria de Educa\u00e7\u00e3o abre o cadastro para vagas em creches da rede municipal. A partir desta semana, os pais que queiram inscrever os filhos na lista de espera ser\u00e3o atendidos por cadastros separados em polos de atendimento, durante o hor\u00e1rio das 9h \u00e0s 17h, conforme calend\u00e1rio estabelecido previamente pela Secretaria.<\/p>\n\n\n\n<p>No Centro, o atendimento vai ocorrer na pr\u00f3pria Secretaria de Educa\u00e7\u00e3o e na Casa da Educa\u00e7\u00e3o Visconde de Mau\u00e1 atrav\u00e9s de agendamento pr\u00e9vio feito pelos telefones: 2246-8685 e 2246-8683. Nos polos de atendimento nos bairros pr\u00f3ximo ao Centro, n\u00e3o ser\u00e1 necess\u00e1rio o agendamento pr\u00e9vio. Posse, Pedro do Rio e Araras ser\u00e1 necess\u00e1rio agendamento pr\u00e9vio do atendimento atrav\u00e9s do telefone: 2246-8803.<\/p>\n\n\n\n<p>Ser\u00e3o aceitas inscri\u00e7\u00f5es para o cadastro de espera para etapa de creche (0 a 3 anos), 3\u00ba per\u00edodo para as escolas que atendem educa\u00e7\u00e3o infantil e Pr\u00e9-escola (4 e 5 anos). A lista de espera ser\u00e1 obedecida, bem como os crit\u00e9rios j\u00e1 estabelecidos prioridade como crian\u00e7as com necessidades especiais e menores com medidas protetivas. Na hora do cadastro, o respons\u00e1vel legal pelo candidato \u00e0 vaga dever\u00e1 apresentar obrigatoriamente no os seguintes documentos originais:<\/p>\n\n\n\n<p>&#8211; Certid\u00e3o de Nascimento da crian\u00e7a;<br>&#8211; Comprovante de Resid\u00eancia;<br>&#8211; Laudo M\u00e9dico da crian\u00e7a e\/ou dos pais (em caso de defici\u00eancia);<br>&#8211; RG e CPF dos respons\u00e1veis;<br>&#8211; Comprovante de renda atualizado ou declara\u00e7\u00e3o de autonomia (com renda mensal) dos<br>moradores da casa;<br>&#8211; Comprovante de programas de transfer\u00eancia de renda (Cart\u00e3o Bolsa Familia com<br>extrato banc\u00e1rio recente).<\/p>\n\n\n\n<p><strong>Atendimento no Centro com agendamento:<\/strong><\/p>\n\n\n\n<p>O cadastro no Centro poder\u00e1 ser realizado na Secretaria de Educa\u00e7\u00e3o, que fica na Rua da Imperatriz, 193 \u2013 Centro, ou na Casa da Educa\u00e7\u00e3o, situada \u00e0 Av. Bar\u00e3o do Rio Branco, 03 &#8211; das 9h \u00e0s 17h atrav\u00e9s de agendamento pr\u00e9vio pelos telefones do setor de matr\u00edcula (24)2246-8683 ou (24)22468685.<br><\/p>\n\n\n\n<p><strong>Atendimento nos bairros sem agendamento:<\/strong><\/p>\n\n\n\n<p><strong><br><\/strong>&#8211; 05 e 06\/10 &#8211; Alto da Serra (E. M. Vereador Jos\u00e9 Fernandes)<br>&#8211; 05 e 06\/10 &#8211; S\u00e3o Sebasti\u00e3o (E. M. Papa Jo\u00e3o Paulo II)<br>&#8211; 07 e 08\/10 &#8211; Valpara\u00edso (Educand\u00e1rio Terra Santa)<br>&#8211; 07 e 08\/10 &#8211; Castel\u00e2nea (CEI D\u00e9a L\u00facia Cordeiro)<br>&#8211; 09 e 19\/10 &#8211; Bingen (E. M. Johann Noel)<br>&#8211; 16 e 17\/10 &#8211; Boa Vista (CEI Boa Vista)<br>&#8211; 19 e 20\/10 &#8211; Mosela (E. S\u00e3o Judas Tadeu)<br>&#8211; 21 e 22\/10 &#8211; Retiro (CEI Ol\u00edvia Machado da Costa Nogueira)<br>&#8211; 21 e 22\/10 &#8211; Meio da Serra (E. Mzda. Pedro Amado)<br>&#8211; 23 e 26\/10 &#8211; Estrada da Saudade (E. M. Jorge Amado)<br>&#8211; 23 e 26\/10 &#8211; Cascatinha (CEI Andr\u00e9 Vanzan)<br>&#8211; 27 e 29\/10 &#8211; Corr\u00eaas (E. M. Prof\u00ba Josemar Contage)<br>&#8211; 30\/10 e 03\/11 &#8211; Independ\u00eancia (E. M. Alto Independ\u00eancia)<br>&#8211; 30\/10 e 03\/11 &#8211; Quitandinha (E. M. Prof\u00aa Jandira Peixoto Bordignon)<br><\/p>\n\n\n\n<p><strong>Atendimento nos bairros com agendamento:<\/strong><\/p>\n\n\n\n<p><br>&#8211; 05 e 06\/10 &#8211; Araras (Col\u00e9gio Anglicano de Araras);<br>&#8211; 07 e 08\/10 &#8211; Posse (CEI \u00c2ngela Maria da Concei\u00e7\u00e3o Silva);<br>&#8211; 09, 13 e 14 &#8211; Pedro do Rio (CEI Nilo Pe\u00e7anha).<\/p>\n\n\n\n<p><br>Os agendamentos do cadastro em Araras, Posse e Pedro do Rio ser\u00e1 ser\u00e1 feito atrav\u00e9s de agendamento no Polo Avan\u00e7ado de Educa\u00e7\u00e3o (Estrada Uni\u00e3o e Ind\u00fastria, Centro Executivo 2000, sala 107, Itaipava) atrav\u00e9s do telefone (24)22468803, das 9h \u00e0s 17h.<\/p>\n","protected":false},"excerpt":{"rendered":"<p>Polos de atendimentos no Centro e nos bairros A Secretaria de Educa\u00e7\u00e3o abre o cadastro<\/p>\n","protected":false},"author":2,"featured_media":2022,"comment_status":"open","ping_status":"open","sticky":false,"template":"","format":"standard","meta":{"footnotes":""},"categories":[12],"tags":[],"class_list":["post-2020","post","type-post","status-publish","format-standard","has-post-thumbnail","hentry","category-cidade"],"_links":{"self":[{"href":"https:\/\/tvc16.com\/portal\/wp-json\/wp\/v2\/posts\/2020","targetHints":{"allow":["GET"]}}],"collection":[{"href":"https:\/\/tvc16.com\/portal\/wp-json\/wp\/v2\/posts"}],"about":[{"href":"https:\/\/tvc16.com\/portal\/wp-json\/wp\/v2\/types\/post"}],"author":[{"embeddable":true,"href":"https:\/\/tvc16.com\/portal\/wp-json\/wp\/v2\/users\/2"}],"replies":[{"embeddable":true,"href":"https:\/\/tvc16.com\/portal\/wp-json\/wp\/v2\/comments?post=2020"}],"version-history":[{"count":1,"href":"https:\/\/tvc16.com\/portal\/wp-json\/wp\/v2\/posts\/2020\/revisions"}],"predecessor-version":[{"id":2023,"href":"https:\/\/tvc16.com\/portal\/wp-json\/wp\/v2\/posts\/2020\/revisions\/2023"}],"wp:featuredmedia":[{"embeddable":true,"href":"https:\/\/tvc16.com\/portal\/wp-json\/wp\/v2\/media\/2022"}],"wp:attachment":[{"href":"https:\/\/tvc16.com\/portal\/wp-json\/wp\/v2\/media?parent=2020"}],"wp:term":[{"taxonomy":"category","embeddable":true,"href":"https:\/\/tvc16.com\/portal\/wp-json\/wp\/v2\/categories?post=2020"},{"taxonomy":"post_tag","embeddable":true,"href":"https:\/\/tvc16.com\/portal\/wp-json\/wp\/v2\/tags?post=2020"}],"curies":[{"name":"wp","href":"https:\/\/api.w.org\/{rel}","templated":true}]}}