{"id":2033,"date":"2020-10-05T19:45:27","date_gmt":"2020-10-05T19:45:27","guid":{"rendered":"https:\/\/tvc16.com\/portal\/?p=2033"},"modified":"2020-10-05T19:45:27","modified_gmt":"2020-10-05T19:45:27","slug":"sindicato-do-comercio-varejista-de-petropolis-orienta-empresarios","status":"publish","type":"post","link":"https:\/\/tvc16.com\/portal\/2020\/10\/05\/sindicato-do-comercio-varejista-de-petropolis-orienta-empresarios\/","title":{"rendered":"Sindicato do Com\u00e9rcio Varejista de Petr\u00f3polis orienta empres\u00e1rios"},"content":{"rendered":"\n<p><strong>Lei estadual determina aferi\u00e7\u00e3o de temperatura corporal para clientes e colaboradores em todos os estabelecimentos comerciais do estado do Rio de Janeiro<\/strong><\/p>\n\n\n\n<p>Entrou em vigor no dia 02.10 a Lei estadual que determina que todos os estabelecimentos, comerciais e banc\u00e1rios autorizados a funcionar no Estado do Rio de Janeiro, precisam aferir a temperatura corporal dos clientes e fornecer m\u00e1scaras para os funcion\u00e1rios, al\u00e9m de \u00e1lcool em gel para utiliza\u00e7\u00e3o dos colaboradores e frequentadores para higieniza\u00e7\u00e3o das m\u00e3os, como medida de preven\u00e7\u00e3o a dissemina\u00e7\u00e3o da Covid-19.<\/p>\n\n\n\n<p>\u201cO sicom\u00e9rcio est\u00e1 sempre acompanhando as demandas que surgem para o com\u00e9rcio. Fomos avisados na \u00faltima sexta-feira, j\u00e1 comunicamos os empres\u00e1rios e estamos refor\u00e7ando as determina\u00e7\u00f5es divulgando amplamente a nova Lei\u201d, refor\u00e7a Marcelo Fiorini, presidente do Sicom\u00e9rcio Petr\u00f3polis.<\/p>\n\n\n\n<p>De acordo com o texto da Lei n\u00ba 9034, de 01 de outubro de 2020, \u201cem caso de identifica\u00e7\u00e3o de temperatura acima dos valores normais, clientes ou funcion\u00e1rios n\u00e3o dever\u00e3o entrar nos estabelecimentos e ser\u00e3o orientados a procurar avalia\u00e7\u00e3o m\u00e9dica\u201d.<\/p>\n\n\n\n<p>\u201cNo caso dos colaboradores, se a temperatura corporal ultrapassar 37,5\u00b0, ou se observarmos a falta da m\u00e1scara de prote\u00e7\u00e3o, a Lei determina que esse colaborador n\u00e3o poder\u00e1 exercer suas atividades e ser\u00e1 instru\u00eddo a procurar um servi\u00e7o m\u00e9dico\u201d, explica Marcelo.<\/p>\n\n\n\n<p>Mas se o cliente apresentar eleva\u00e7\u00e3o da temperatura ou se recusar a usar m\u00e1scara, ele n\u00e3o poder\u00e1 entrar no estabelecimento comercial e ser\u00e1 orientado a procurar uma unidade de sa\u00fade. Shoppings, centros comerciais, galerias e similares far\u00e3o a aferi\u00e7\u00e3o da temperatura nas entradas dos empreendimentos, ficando seus estabelecimentos isentos da obrigatoriedade de aferir novamente.<\/p>\n\n\n\n<p>\u201cTodos os estabelecimentos devem se adequar e seguir as novas diretrizes. A Lei determina que todos devem expor, em local vis\u00edvel, o texto da nova Lei\u201d, ressalta Marcelo.<\/p>\n\n\n\n<p>O n\u00e3o cumprimento da Lei sujeitar\u00e1 os infratores a advert\u00eancia, potencial suspens\u00e3o de atividades e at\u00e9 multas pecuni\u00e1rias.&nbsp;<\/p>\n","protected":false},"excerpt":{"rendered":"<p>Lei estadual determina aferi\u00e7\u00e3o de temperatura corporal para clientes e colaboradores em todos os estabelecimentos<\/p>\n","protected":false},"author":2,"featured_media":2034,"comment_status":"open","ping_status":"open","sticky":false,"template":"","format":"standard","meta":{"footnotes":""},"categories":[12],"tags":[],"class_list":["post-2033","post","type-post","status-publish","format-standard","has-post-thumbnail","hentry","category-cidade"],"_links":{"self":[{"href":"https:\/\/tvc16.com\/portal\/wp-json\/wp\/v2\/posts\/2033","targetHints":{"allow":["GET"]}}],"collection":[{"href":"https:\/\/tvc16.com\/portal\/wp-json\/wp\/v2\/posts"}],"about":[{"href":"https:\/\/tvc16.com\/portal\/wp-json\/wp\/v2\/types\/post"}],"author":[{"embeddable":true,"href":"https:\/\/tvc16.com\/portal\/wp-json\/wp\/v2\/users\/2"}],"replies":[{"embeddable":true,"href":"https:\/\/tvc16.com\/portal\/wp-json\/wp\/v2\/comments?post=2033"}],"version-history":[{"count":1,"href":"https:\/\/tvc16.com\/portal\/wp-json\/wp\/v2\/posts\/2033\/revisions"}],"predecessor-version":[{"id":2035,"href":"https:\/\/tvc16.com\/portal\/wp-json\/wp\/v2\/posts\/2033\/revisions\/2035"}],"wp:featuredmedia":[{"embeddable":true,"href":"https:\/\/tvc16.com\/portal\/wp-json\/wp\/v2\/media\/2034"}],"wp:attachment":[{"href":"https:\/\/tvc16.com\/portal\/wp-json\/wp\/v2\/media?parent=2033"}],"wp:term":[{"taxonomy":"category","embeddable":true,"href":"https:\/\/tvc16.com\/portal\/wp-json\/wp\/v2\/categories?post=2033"},{"taxonomy":"post_tag","embeddable":true,"href":"https:\/\/tvc16.com\/portal\/wp-json\/wp\/v2\/tags?post=2033"}],"curies":[{"name":"wp","href":"https:\/\/api.w.org\/{rel}","templated":true}]}}