{"id":2036,"date":"2020-10-06T12:52:49","date_gmt":"2020-10-06T12:52:49","guid":{"rendered":"https:\/\/tvc16.com\/portal\/?p=2036"},"modified":"2020-10-06T12:52:49","modified_gmt":"2020-10-06T12:52:49","slug":"mais-duas-pessoas-morrem-por-covid-19-em-petropolis-3","status":"publish","type":"post","link":"https:\/\/tvc16.com\/portal\/2020\/10\/06\/mais-duas-pessoas-morrem-por-covid-19-em-petropolis-3\/","title":{"rendered":"Mais duas pessoas morrem por Covid-19 em Petr\u00f3polis"},"content":{"rendered":"\n<p>Duas mulheres de 92 e 83 anos s\u00e3o as mais recentes v\u00edtimas fatais da covid-19 em Petr\u00f3polis. Os \u00f3bitos foram confirmados na segunda-feira (05) pela Secretaria Municipal de Sa\u00fade. No total, 236 pacientes contaminados com o coronav\u00edrus j\u00e1 perderam a vida desde o inicio da pandemia. A cidade registra ainda 7.094 casos confirmados da doen\u00e7a e 5.043 pessoas recuperadas.<\/p>\n\n\n\n<p>A primeira morte \u00e9 de uma moradora do Carangola, de 83 anos. Ela foi internada no dia 21 de setembro no Hospital Nossa Senhora Aparecida (HNSA) e faleceu na segunda-feira (05). A paciente tinha asma br\u00f4nquica. O segundo \u00f3bito \u00e9 de uma moradora do Jardim Salvador, de 92 anos. Internada no Hospital Clinico de Corr\u00eaas no dia 25 de setembro, ela faleceu no s\u00e1bado (03). Paciente com fibrila\u00e7\u00e3o atrial cr\u00f4nica.<\/p>\n\n\n\n<p>Segundo o boletim epidemiol\u00f3gico, at\u00e9 o momento foram realizados 64.009 testes na cidade. Desses, 56.456 resultaram negativos, 7.094 positivos e 459 est\u00e3o em an\u00e1lise, entre PCR e testes r\u00e1pidos. H\u00e1 56 pacientes internados na cidade, podendo ser casos positivos ou em investiga\u00e7\u00e3o esperando o resultado do teste.<\/p>\n\n\n\n<p>O dados mostram tamb\u00e9m 5.043 pessoas se recuperaram do novo coronav\u00edrus. Esse n\u00famero se refere \u00e0s pessoas que estiveram internadas nas unidades hospitalares da cidade ou que se mantiveram em isolamento domiciliar e que, hoje, n\u00e3o apresentam mais os principais sintomas da doen\u00e7a.<\/p>\n\n\n\n<p>Na segunda, o munic\u00edpio contabiliza pelo SUS 20,37% dos leitos cl\u00ednicos e 23,23% de UTI ocupados com pacientes infectados com coronav\u00edrus.<\/p>\n","protected":false},"excerpt":{"rendered":"<p>Duas mulheres de 92 e 83 anos s\u00e3o as mais recentes v\u00edtimas fatais da covid-19<\/p>\n","protected":false},"author":2,"featured_media":2037,"comment_status":"open","ping_status":"open","sticky":false,"template":"","format":"standard","meta":{"footnotes":""},"categories":[12],"tags":[],"class_list":["post-2036","post","type-post","status-publish","format-standard","has-post-thumbnail","hentry","category-cidade"],"_links":{"self":[{"href":"https:\/\/tvc16.com\/portal\/wp-json\/wp\/v2\/posts\/2036","targetHints":{"allow":["GET"]}}],"collection":[{"href":"https:\/\/tvc16.com\/portal\/wp-json\/wp\/v2\/posts"}],"about":[{"href":"https:\/\/tvc16.com\/portal\/wp-json\/wp\/v2\/types\/post"}],"author":[{"embeddable":true,"href":"https:\/\/tvc16.com\/portal\/wp-json\/wp\/v2\/users\/2"}],"replies":[{"embeddable":true,"href":"https:\/\/tvc16.com\/portal\/wp-json\/wp\/v2\/comments?post=2036"}],"version-history":[{"count":1,"href":"https:\/\/tvc16.com\/portal\/wp-json\/wp\/v2\/posts\/2036\/revisions"}],"predecessor-version":[{"id":2038,"href":"https:\/\/tvc16.com\/portal\/wp-json\/wp\/v2\/posts\/2036\/revisions\/2038"}],"wp:featuredmedia":[{"embeddable":true,"href":"https:\/\/tvc16.com\/portal\/wp-json\/wp\/v2\/media\/2037"}],"wp:attachment":[{"href":"https:\/\/tvc16.com\/portal\/wp-json\/wp\/v2\/media?parent=2036"}],"wp:term":[{"taxonomy":"category","embeddable":true,"href":"https:\/\/tvc16.com\/portal\/wp-json\/wp\/v2\/categories?post=2036"},{"taxonomy":"post_tag","embeddable":true,"href":"https:\/\/tvc16.com\/portal\/wp-json\/wp\/v2\/tags?post=2036"}],"curies":[{"name":"wp","href":"https:\/\/api.w.org\/{rel}","templated":true}]}}