{"id":2040,"date":"2020-10-06T13:02:43","date_gmt":"2020-10-06T13:02:43","guid":{"rendered":"https:\/\/tvc16.com\/portal\/?p=2040"},"modified":"2020-10-06T13:02:43","modified_gmt":"2020-10-06T13:02:43","slug":"tre-rj-nega-pedido-de-paes-para-trancamento-de-acao-penal","status":"publish","type":"post","link":"https:\/\/tvc16.com\/portal\/2020\/10\/06\/tre-rj-nega-pedido-de-paes-para-trancamento-de-acao-penal\/","title":{"rendered":"TRE-RJ nega pedido de Paes para trancamento de a\u00e7\u00e3o penal"},"content":{"rendered":"\n<p>Na sess\u00e3o plen\u00e1ria desta segunda-feira (5), o TRE-RJ negou, por unanimidade, o pedido de habeas corpus do candidato \u00e0 Prefeitura do Rio, Eduardo Paes, para o trancamento de a\u00e7\u00e3o penal em tramita\u00e7\u00e3o na 229\u00aa Zona Eleitoral. Invocando o artigo 4\u00ba, par\u00e1grafo 16, inciso II, da Lei 12.850\/13, Paes alegava que o recebimento de den\u00fancia n\u00e3o poderia ter acontecido com fundamento apenas em declara\u00e7\u00f5es de colaboradores premiados.\u00a0<\/p>\n\n\n\n<p><br>&#8220;A quest\u00e3o encontra-se devidamente esclarecida pela autoridade coatora (Ju\u00edzo da 229 \u00aaZE), que informou constar da den\u00fancia um arcabou\u00e7o probat\u00f3rio que se estende para al\u00e9m da colabora\u00e7\u00e3o premiada&#8221;, disse o relator do processo, desembargador eleitoral Vitor Marcelo Rodrigues. &#8220;A ju\u00edza afirmou ainda a exist\u00eancia de outros documentos anexados \u00e0 den\u00fancia, o que afasta a alega\u00e7\u00e3o dos impetrantes&#8221;, explicou o desembargador eleitoral.\u00a0<\/p>\n\n\n\n<p><br>&#8220;Al\u00e9m das provas documentais indicadas na a\u00e7\u00e3o penal, consta na den\u00fancia o rol de testemunhas arroladas pelo autor&#8221;, argumentou ainda o relator do processo, desembargador Vitor Marcelo Rodrigues. &#8220;Logo, a prova testemunhal notoriamente \u00e9 justific\u00e1vel no caso em tela, e comprova ainda mais que aquela a\u00e7\u00e3o n\u00e3o foi proposta com fundamento exclusivo em declara\u00e7\u00f5es de colaboradores&#8221;, concluiu o magistrado.\u00a0<\/p>\n\n\n\n<p><br><strong>Suspens\u00e3o at\u00e9 o fim das elei\u00e7\u00f5es 2020\u00a0<\/strong><\/p>\n\n\n\n<p><br>Por maioria, o Colegiado do TRE-RJ rejeitou ainda o pedido de Eduardo Paes para o adiamento da audi\u00eancia de instru\u00e7\u00e3o e suspens\u00e3o do julgamento at\u00e9 o fim do pleito. A Corte decidiu que esse ponto n\u00e3o deve ser resolvido em sede de habeas corpus.\u00a0<\/p>\n\n\n\n<p><\/p>\n","protected":false},"excerpt":{"rendered":"<p>Na sess\u00e3o plen\u00e1ria desta segunda-feira (5), o TRE-RJ negou, por unanimidade, o pedido de habeas<\/p>\n","protected":false},"author":2,"featured_media":2041,"comment_status":"open","ping_status":"open","sticky":false,"template":"","format":"standard","meta":{"footnotes":""},"categories":[15],"tags":[],"class_list":["post-2040","post","type-post","status-publish","format-standard","has-post-thumbnail","hentry","category-politica"],"_links":{"self":[{"href":"https:\/\/tvc16.com\/portal\/wp-json\/wp\/v2\/posts\/2040","targetHints":{"allow":["GET"]}}],"collection":[{"href":"https:\/\/tvc16.com\/portal\/wp-json\/wp\/v2\/posts"}],"about":[{"href":"https:\/\/tvc16.com\/portal\/wp-json\/wp\/v2\/types\/post"}],"author":[{"embeddable":true,"href":"https:\/\/tvc16.com\/portal\/wp-json\/wp\/v2\/users\/2"}],"replies":[{"embeddable":true,"href":"https:\/\/tvc16.com\/portal\/wp-json\/wp\/v2\/comments?post=2040"}],"version-history":[{"count":1,"href":"https:\/\/tvc16.com\/portal\/wp-json\/wp\/v2\/posts\/2040\/revisions"}],"predecessor-version":[{"id":2042,"href":"https:\/\/tvc16.com\/portal\/wp-json\/wp\/v2\/posts\/2040\/revisions\/2042"}],"wp:featuredmedia":[{"embeddable":true,"href":"https:\/\/tvc16.com\/portal\/wp-json\/wp\/v2\/media\/2041"}],"wp:attachment":[{"href":"https:\/\/tvc16.com\/portal\/wp-json\/wp\/v2\/media?parent=2040"}],"wp:term":[{"taxonomy":"category","embeddable":true,"href":"https:\/\/tvc16.com\/portal\/wp-json\/wp\/v2\/categories?post=2040"},{"taxonomy":"post_tag","embeddable":true,"href":"https:\/\/tvc16.com\/portal\/wp-json\/wp\/v2\/tags?post=2040"}],"curies":[{"name":"wp","href":"https:\/\/api.w.org\/{rel}","templated":true}]}}