{"id":2043,"date":"2020-10-06T13:12:47","date_gmt":"2020-10-06T13:12:47","guid":{"rendered":"https:\/\/tvc16.com\/portal\/?p=2043"},"modified":"2020-10-06T13:12:47","modified_gmt":"2020-10-06T13:12:47","slug":"obras-no-palacio-de-cristal-sao-retomadas-apos-oito-meses","status":"publish","type":"post","link":"https:\/\/tvc16.com\/portal\/2020\/10\/06\/obras-no-palacio-de-cristal-sao-retomadas-apos-oito-meses\/","title":{"rendered":"Obras no Pal\u00e1cio de Cristal s\u00e3o retomadas ap\u00f3s oito meses"},"content":{"rendered":"\n<p>A obras no Pal\u00e1cio de Cristal foram retomadas ap\u00f3s oito meses paralisadas. A nova previs\u00e3o de entrega, de acordo com a prefeitura, \u00e9 de 180 dias. Na segunda-feira (05) j\u00e1 havia oper\u00e1rios da empresa Engeprat &#8211; que assumiu as interven\u00e7\u00f5es, atuando no local. A obra que prev\u00ea reforma de sanit\u00e1rios, acessibilidade e ilumina\u00e7\u00e3o externa, foi or\u00e7ada em R$ 1,1 milh\u00e3o.<\/p>\n\n\n\n<p>As interven\u00e7\u00f5es tinham sido iniciadas no dia 4 de outubro de 2019, com prazo de encerramento em mar\u00e7o deste ano. Por conta dos procedimentos feitos no local, o espa\u00e7o foi fechado para visita\u00e7\u00e3o no fim de janeiro. J\u00e1 as obras pararam em fevereiro, ap\u00f3s um embargo do Instituto do Patrim\u00f4nio Hist\u00f3rico e Art\u00edstico Nacional.<\/p>\n\n\n\n<p>Ap\u00f3s o ocorrido a empresa que era respons\u00e1vel pela obra abandonou o projeto. Diante disso, o munic\u00edpio precisou realizar as adequa\u00e7\u00f5es exigidas pelo Iphan e posteriormente incumbir uma nova empresa para executar as obras. Vale ressaltar, que agora as interven\u00e7\u00f5es contam com acompanhamento arqueol\u00f3gico e cuidados na preserva\u00e7\u00e3o do bem. Isso significa que a reforma de banheiros e acessibilidade ser\u00e3o realizadas em paralelo ao mapeamento arqueol\u00f3gico do ponto tur\u00edstico.<\/p>\n","protected":false},"excerpt":{"rendered":"<p>A obras no Pal\u00e1cio de Cristal foram retomadas ap\u00f3s oito meses paralisadas. A nova previs\u00e3o<\/p>\n","protected":false},"author":2,"featured_media":2044,"comment_status":"open","ping_status":"open","sticky":false,"template":"","format":"standard","meta":{"footnotes":""},"categories":[12],"tags":[],"class_list":["post-2043","post","type-post","status-publish","format-standard","has-post-thumbnail","hentry","category-cidade"],"_links":{"self":[{"href":"https:\/\/tvc16.com\/portal\/wp-json\/wp\/v2\/posts\/2043","targetHints":{"allow":["GET"]}}],"collection":[{"href":"https:\/\/tvc16.com\/portal\/wp-json\/wp\/v2\/posts"}],"about":[{"href":"https:\/\/tvc16.com\/portal\/wp-json\/wp\/v2\/types\/post"}],"author":[{"embeddable":true,"href":"https:\/\/tvc16.com\/portal\/wp-json\/wp\/v2\/users\/2"}],"replies":[{"embeddable":true,"href":"https:\/\/tvc16.com\/portal\/wp-json\/wp\/v2\/comments?post=2043"}],"version-history":[{"count":1,"href":"https:\/\/tvc16.com\/portal\/wp-json\/wp\/v2\/posts\/2043\/revisions"}],"predecessor-version":[{"id":2045,"href":"https:\/\/tvc16.com\/portal\/wp-json\/wp\/v2\/posts\/2043\/revisions\/2045"}],"wp:featuredmedia":[{"embeddable":true,"href":"https:\/\/tvc16.com\/portal\/wp-json\/wp\/v2\/media\/2044"}],"wp:attachment":[{"href":"https:\/\/tvc16.com\/portal\/wp-json\/wp\/v2\/media?parent=2043"}],"wp:term":[{"taxonomy":"category","embeddable":true,"href":"https:\/\/tvc16.com\/portal\/wp-json\/wp\/v2\/categories?post=2043"},{"taxonomy":"post_tag","embeddable":true,"href":"https:\/\/tvc16.com\/portal\/wp-json\/wp\/v2\/tags?post=2043"}],"curies":[{"name":"wp","href":"https:\/\/api.w.org\/{rel}","templated":true}]}}