{"id":2053,"date":"2020-10-06T14:58:14","date_gmt":"2020-10-06T14:58:14","guid":{"rendered":"https:\/\/tvc16.com\/portal\/?p=2053"},"modified":"2020-10-06T14:58:14","modified_gmt":"2020-10-06T14:58:14","slug":"auxilio-emergencial-caixa-libera-parcela-para-nascidos-em-junho","status":"publish","type":"post","link":"https:\/\/tvc16.com\/portal\/2020\/10\/06\/auxilio-emergencial-caixa-libera-parcela-para-nascidos-em-junho\/","title":{"rendered":"Aux\u00edlio emergencial: Caixa libera parcela para nascidos em junho"},"content":{"rendered":"\n<p>Saques e transfer\u00eancias podem ser feitos por 3,9 milh\u00f5es de pessoas<\/p>\n\n\n\n<h4 class=\"wp-block-heading\">Por Andreia Verd\u00e9lio \u2013 Rep\u00f3rter da Ag\u00eancia Brasil &#8211; Bras\u00edlia<\/h4>\n\n\n\n<p>A Caixa Econ\u00f4mica Federal libera&nbsp;hoje&nbsp;(6) os saques e transfer\u00eancias de parcelas do aux\u00edlio emergencial para 3,9 milh\u00f5es de pessoas nascidas em junho. Esses benefici\u00e1rios, que n\u00e3o fazem parte do Bolsa Fam\u00edlia, tiveram o dinheiro creditado na poupan\u00e7a social digital no dia&nbsp;16 de setembro. Foram pagos, na ocasi\u00e3o, R$ 2,5 bilh\u00f5es para esse p\u00fablico, no ciclo 2 de pagamentos do programa.<img decoding=\"async\" src=\"https:\/\/agenciabrasil.ebc.com.br\/ebc.png?id=1389886&amp;o=node\"><img decoding=\"async\" src=\"https:\/\/agenciabrasil.ebc.com.br\/ebc.gif?id=1389886&amp;o=node\"><\/p>\n\n\n\n<p>Os saques em dinheiro podem ser feitos nas lot\u00e9ricas, correspondentes Caixa Aqui ou mesmo nas ag\u00eancias. A Caixa refor\u00e7a que n\u00e3o \u00e9 preciso madrugar nas filas \u00e0 espera de atendimento. Todas as pessoas que comparecerem, de&nbsp;segunda&nbsp;a&nbsp;sexta, das 8h \u00e0s 13h, ser\u00e3o atendidas no mesmo dia.<\/p>\n\n\n\n<p>Al\u00e9m disso, ainda \u00e9 poss\u00edvel movimentar os recursos pelo aplicativo Caixa Tem. Com ele \u00e9 poss\u00edvel pagar boletos e fazer compras na internet e nas maquininhas em diversos estabelecimentos comerciais.<\/p>\n\n\n\n<p>Para o saque em esp\u00e9cie, \u00e9 preciso fazer o login no aplicativo Caixa Tem, selecionar a op\u00e7\u00e3o \u201csaque sem cart\u00e3o\u201d e \u201cgerar c\u00f3digo de saque\u201d. Depois, o trabalhador deve inserir a senha para visualizar o c\u00f3digo de saque na tela do celular, com validade de uma hora. Esse c\u00f3digo deve ser utilizado para a retirada do dinheiro.<\/p>\n\n\n\n<p>O calend\u00e1rio de pagamentos do aux\u00edlio emergencial \u00e9 organizado em ciclos de cr\u00e9dito em conta poupan\u00e7a social digital e de saque em esp\u00e9cie. Os benefici\u00e1rios recebem a parcela a que t\u00eam direito no per\u00edodo, de acordo com o m\u00eas de nascimento. Para os benefici\u00e1rios nascidos em julho, os saques e transfer\u00eancias ser\u00e3o liberados a partir de&nbsp;quinta-feira (8).<\/p>\n\n\n\n<p>No ciclo 2 do aux\u00edlio emergencial, mais tr\u00eas p\u00fablicos foram inclu\u00eddos: trabalhadores que fizeram o cadastro nas ag\u00eancias dos Correios entre&nbsp;2 de junho&nbsp;e&nbsp;8 de julho; trabalhadores que fizeram a contesta\u00e7\u00e3o pelo&nbsp;<em>site<\/em>&nbsp;da Caixa ou App Caixa Aux\u00edlio Emergencial de&nbsp;3 de julho&nbsp;a&nbsp;16 de agosto&nbsp;e foram considerados eleg\u00edveis; benefici\u00e1rios que tenham recebido a primeira parcela em meses anteriores, mas que tiveram o benef\u00edcio reavaliado em agosto.<\/p>\n\n\n\n<p>Aqueles que tiveram os pagamentos retidos v\u00e3o receber todas as parcelas a que t\u00eam direito de uma s\u00f3 vez, dentro do ciclo 2. J\u00e1 os trabalhadores que optaram por realizar o cadastro nos Correios e aqueles que contestaram v\u00e3o receber a primeira parcela dentro do ciclo 2. As parcelas P2 e P3 ser\u00e3o pagas no ciclo 3 e as parcelas P4 e P5, no ciclo 4.<\/p>\n\n\n\n<p>Edi\u00e7\u00e3o: Gra\u00e7a Adjuto<\/p>\n","protected":false},"excerpt":{"rendered":"<p>Saques e transfer\u00eancias podem ser feitos por 3,9 milh\u00f5es de pessoas Por Andreia Verd\u00e9lio \u2013<\/p>\n","protected":false},"author":2,"featured_media":2054,"comment_status":"open","ping_status":"open","sticky":false,"template":"","format":"standard","meta":{"footnotes":""},"categories":[14],"tags":[],"class_list":["post-2053","post","type-post","status-publish","format-standard","has-post-thumbnail","hentry","category-pais"],"_links":{"self":[{"href":"https:\/\/tvc16.com\/portal\/wp-json\/wp\/v2\/posts\/2053","targetHints":{"allow":["GET"]}}],"collection":[{"href":"https:\/\/tvc16.com\/portal\/wp-json\/wp\/v2\/posts"}],"about":[{"href":"https:\/\/tvc16.com\/portal\/wp-json\/wp\/v2\/types\/post"}],"author":[{"embeddable":true,"href":"https:\/\/tvc16.com\/portal\/wp-json\/wp\/v2\/users\/2"}],"replies":[{"embeddable":true,"href":"https:\/\/tvc16.com\/portal\/wp-json\/wp\/v2\/comments?post=2053"}],"version-history":[{"count":1,"href":"https:\/\/tvc16.com\/portal\/wp-json\/wp\/v2\/posts\/2053\/revisions"}],"predecessor-version":[{"id":2055,"href":"https:\/\/tvc16.com\/portal\/wp-json\/wp\/v2\/posts\/2053\/revisions\/2055"}],"wp:featuredmedia":[{"embeddable":true,"href":"https:\/\/tvc16.com\/portal\/wp-json\/wp\/v2\/media\/2054"}],"wp:attachment":[{"href":"https:\/\/tvc16.com\/portal\/wp-json\/wp\/v2\/media?parent=2053"}],"wp:term":[{"taxonomy":"category","embeddable":true,"href":"https:\/\/tvc16.com\/portal\/wp-json\/wp\/v2\/categories?post=2053"},{"taxonomy":"post_tag","embeddable":true,"href":"https:\/\/tvc16.com\/portal\/wp-json\/wp\/v2\/tags?post=2053"}],"curies":[{"name":"wp","href":"https:\/\/api.w.org\/{rel}","templated":true}]}}