{"id":20539,"date":"2021-09-06T17:42:07","date_gmt":"2021-09-06T20:42:07","guid":{"rendered":"https:\/\/tvc16.com\/portal\/?p=20539"},"modified":"2021-09-06T17:42:09","modified_gmt":"2021-09-06T20:42:09","slug":"prefeitura-divulga-calendario-de-vacinacao-antirrabica-animal-2","status":"publish","type":"post","link":"https:\/\/tvc16.com\/portal\/2021\/09\/06\/prefeitura-divulga-calendario-de-vacinacao-antirrabica-animal-2\/","title":{"rendered":"Prefeitura divulga calend\u00e1rio de vacina\u00e7\u00e3o antirr\u00e1bica animal"},"content":{"rendered":"\n<p><em>Secretaria de Sa\u00fade orienta tutores sobre os cuidados antes e durante a vacina\u00e7\u00e3o<\/em><\/p>\n\n\n\n<p>A Prefeitura de Petr\u00f3polis divulgou o calend\u00e1rio de vacina\u00e7\u00e3o antirr\u00e1bica animal. At\u00e9 o fim do ano, ser\u00e3o quatro s\u00e1bados com a vacina\u00e7\u00e3o ocorrendo diferentes pontos do munic\u00edpio. Ao todo, 9.823 animais j\u00e1 foram vacinados, sendo 7.687 c\u00e3es e 2.136 gatos, o que representa mais de 80% do esperado at\u00e9 o momento nos lugares em que a campanha esteve presente. A campanha \u00e9 promovida pela Coordenadoria de Vigil\u00e2ncia Ambiental do Departamento de Vigil\u00e2ncia de Sa\u00fade.<\/p>\n\n\n\n<p>No dia 11 de setembro, a vacina\u00e7\u00e3o ser\u00e1 realizada em Araras, Itaipava e Vale do Carangola. No dia 25 do mesmo m\u00eas, a vacina ser\u00e1 aplicada na regi\u00e3o de Nogueira, Corr\u00eaas, Samambaia, Retiro, Mosela, Bingen e Carangola. A vacina\u00e7\u00e3o no Centro, Coronel Veiga, Quitandinha, Valpara\u00edso, Castel\u00e2nea e Meio da Serra, ocorrer\u00e1 no dia 16 de outubro. Em 27 de novembro, a campanha ser\u00e1 finalizada atendendo os moradores da Estrada da Saudade, Cascatinha, Itamarati, Alto da Serra, Morin e Caxambu.<\/p>\n\n\n\n<p>\u201cVacinar contra a raiva \u00e9 a \u00fanica forma de prevenir a doen\u00e7a e manter os animais saud\u00e1veis. Vamos atender todas a cidade com a vacina\u00e7\u00e3o. Estamos divulgando o calend\u00e1rio, para que as pessoas n\u00e3o precisem se deslocar da sua \u00e1rea de resid\u00eancia para outro bairro. Nos pr\u00f3ximos dias divulgaremos os locais e hor\u00e1rios exatos em que a vacina\u00e7\u00e3o ir\u00e1 ocorrer\u201d, explica o prefeito interino, Hingo Hammes.<\/p>\n\n\n\n<p>A Coordenadoria de Vigil\u00e2ncia Ambiental ressalta que, para a vacina\u00e7\u00e3o, os c\u00e3es e gatos devem ter a partir de tr\u00eas meses de idade. Animais conduzidos por crian\u00e7as, prostrados, com diarr\u00e9ia ou v\u00f4mito n\u00e3o ser\u00e3o vacinados. A responsabilidade de deslocamento do animal \u00e9 do tutor. \u00c9 obrigat\u00f3rio o transporte de gatos em bolsas pet ou caixas. Os c\u00e3es devem estar com coleira e guia, e os animais bravos usando tamb\u00e9m focinheira.<\/p>\n\n\n\n<p>Al\u00e9m disso, a Coordenadoria orienta que tutores ou respons\u00e1veis com mais de cinco animais na mesma resid\u00eancia com dificuldade de mobilidade, compare\u00e7am ao ponto de vacina\u00e7\u00e3o com anteced\u00eancia para que seja avaliada a possibilidade da vacina\u00e7\u00e3o dos animais em domic\u00edlio. \u201c\u00c9 necess\u00e1ria a apresenta\u00e7\u00e3o de documento de identidade com foto, CPF e comprovante de resid\u00eancia. Ap\u00f3s \u00e0s 14h, a nossa equipe n\u00e3o conseguir\u00e1 realizar a vacina\u00e7\u00e3o em domic\u00edlio. Por isso pedimos que as pessoas compare\u00e7am com atenced\u00eancia\u201d, ressalta a coordenadora da Vigil\u00e2ncia Ambiental da Secretaria de Sa\u00fade, Alessandra Cardoso.<\/p>\n\n\n\n<p>O secret\u00e1rio de Sa\u00fade, Aloisio Barbosa Filho, ressalta que as orienta\u00e7\u00f5es devem ser seguidas antes e durante a vacina\u00e7\u00e3o: \u201cPedimos que a popula\u00e7\u00e3o esteja atenta \u00e0s recomenda\u00e7\u00f5es e chegue com anteced\u00eancia aos pontos de vacina\u00e7\u00e3o. As equipes de sa\u00fade fazem a triagem de c\u00e3es e gatos que s\u00e3o levados para a vacina\u00e7\u00e3o. Ap\u00f3s a imuniza\u00e7\u00e3o, o dono do pet recebe um cart\u00e3o de comprova\u00e7\u00e3o da vacina\u201d.<\/p>\n\n\n\n<p>A primeira etapa da campanha foi realizada na regi\u00e3o da Posse, Brejal, C\u00f3rrego Grande, Taquaril, Pedro do Rio, Vila Rica e Secret\u00e1rio. A segunda fase ocorreu nos bairros do Independ\u00eancia, Bingen e Quitandinha. No Vale das Videiras ocorreu a terceira etapa.<\/p>\n\n\n\n<p>A raiva \u00e9 uma doen\u00e7a infecciosa viral aguda, que acomete mam\u00edferos, podendo ser transmitida aos seres humanos. Caracteriza-se como uma encefalite progressiva e aguda com letalidade de aproximadamente 100%. Os principais sintomas costumam ser saliva\u00e7\u00e3o excessiva, agita\u00e7\u00e3o e dist\u00farbios, como n\u00e3o reconhecer o dono, ver vultos, latir excessivamente e ficar agressivo.<\/p>\n","protected":false},"excerpt":{"rendered":"<p>Secretaria de Sa\u00fade orienta tutores sobre os cuidados antes e durante a vacina\u00e7\u00e3o A Prefeitura<\/p>\n","protected":false},"author":2,"featured_media":20540,"comment_status":"open","ping_status":"open","sticky":false,"template":"","format":"standard","meta":{"footnotes":""},"categories":[12],"tags":[],"class_list":["post-20539","post","type-post","status-publish","format-standard","has-post-thumbnail","hentry","category-cidade"],"_links":{"self":[{"href":"https:\/\/tvc16.com\/portal\/wp-json\/wp\/v2\/posts\/20539","targetHints":{"allow":["GET"]}}],"collection":[{"href":"https:\/\/tvc16.com\/portal\/wp-json\/wp\/v2\/posts"}],"about":[{"href":"https:\/\/tvc16.com\/portal\/wp-json\/wp\/v2\/types\/post"}],"author":[{"embeddable":true,"href":"https:\/\/tvc16.com\/portal\/wp-json\/wp\/v2\/users\/2"}],"replies":[{"embeddable":true,"href":"https:\/\/tvc16.com\/portal\/wp-json\/wp\/v2\/comments?post=20539"}],"version-history":[{"count":1,"href":"https:\/\/tvc16.com\/portal\/wp-json\/wp\/v2\/posts\/20539\/revisions"}],"predecessor-version":[{"id":20541,"href":"https:\/\/tvc16.com\/portal\/wp-json\/wp\/v2\/posts\/20539\/revisions\/20541"}],"wp:featuredmedia":[{"embeddable":true,"href":"https:\/\/tvc16.com\/portal\/wp-json\/wp\/v2\/media\/20540"}],"wp:attachment":[{"href":"https:\/\/tvc16.com\/portal\/wp-json\/wp\/v2\/media?parent=20539"}],"wp:term":[{"taxonomy":"category","embeddable":true,"href":"https:\/\/tvc16.com\/portal\/wp-json\/wp\/v2\/categories?post=20539"},{"taxonomy":"post_tag","embeddable":true,"href":"https:\/\/tvc16.com\/portal\/wp-json\/wp\/v2\/tags?post=20539"}],"curies":[{"name":"wp","href":"https:\/\/api.w.org\/{rel}","templated":true}]}}