{"id":20551,"date":"2021-09-07T12:49:54","date_gmt":"2021-09-07T15:49:54","guid":{"rendered":"https:\/\/tvc16.com\/portal\/?p=20551"},"modified":"2021-09-07T12:49:56","modified_gmt":"2021-09-07T15:49:56","slug":"campanha-da-solidariedade-no-festival-de-inverno-de-petropolis","status":"publish","type":"post","link":"https:\/\/tvc16.com\/portal\/2021\/09\/07\/campanha-da-solidariedade-no-festival-de-inverno-de-petropolis\/","title":{"rendered":"Campanha da solidariedade no Festival de Inverno de Petr\u00f3polis"},"content":{"rendered":"\n<p>O Festival de Inverno de Petr\u00f3polis, produzido pela Dellarte, chega \u00e0 sua 20\u00ba edi\u00e7\u00e3o, de\u00a014 a 19 de setembro (de ter\u00e7a a domingo), com intensa programa\u00e7\u00e3o e mais uma vez promovendo a \u201cCampanha da Solidariedade\u201d, que tem como proposta distribuir alimentos arrecadados durante o evento para institui\u00e7\u00f5es filantr\u00f3picas da cidade. A madrinha escolhida deste ano \u00e9 a comunicadora Rosemarie Borde. Todas as atra\u00e7\u00f5es deste ano s\u00e3o gratuitas. Elas acontecem no Sal\u00e3o Nobre, na capela da\u00a0UCP (Universidade Cat\u00f3lica de Petr\u00f3polis) e na C\u00e2mara Municipal de Petr\u00f3polis.\u00a0Ao p\u00fablico participante \u00e9 solicitada a doa\u00e7\u00e3o de um quilo de alimento n\u00e3o perec\u00edvel.<\/p>\n\n\n\n<p>Myrian Dauelsberg, presidente da Dellarte espera mais uma vez a mobiliza\u00e7\u00e3o do p\u00fablico. \u201cO nosso p\u00fablico \u00e9 sempre muito prestimoso e abra\u00e7a com empenho a proposta doando os alimentos para que sejam distribu\u00eddos a pessoas carentes, atrav\u00e9s de institui\u00e7\u00f5es filantr\u00f3picas. Em 19 anos de festival, conseguimos angariar mais de 11 toneladas de alimentos\u201d.<\/p>\n\n\n\n<p>&#8220;Ser madrinha do Festival de Inverno de Petr\u00f3polis \u00e9 acima de tudo desafiante em tempos de pandemia.\u00a0 Agrade\u00e7o de cora\u00e7\u00e3o \u00e0 D. Myrian Daueslsberg e \u00e0 Dellarte pelo convite.\u00a0Poder participar\u00a0de um evento como esse, podendo colorir com arte, cultura e solidariedade a vida das pessoas, \u00e9 uma honra e uma felicidade sem medida.\u00a0Que sejam dias de muita beleza e enriquecimento para todos n\u00f3s&#8221; relata a prestigiada madrinha Rosemaria Borde.<\/p>\n\n\n\n<p><strong>FESTIVAL DE INVERNO<\/strong><strong><\/strong><\/p>\n\n\n\n<p><strong>Petr\u00f3polis \u2013 edi\u00e7\u00e3o 2021 \u2013 online e presencial<\/strong><strong><\/strong><\/p>\n\n\n\n<p><strong>De 14 a 19 de setembro<\/strong><strong><\/strong><\/p>\n\n\n\n<p>Programa\u00e7\u00e3o sujeita a altera\u00e7\u00f5es<\/p>\n\n\n\n<p><strong>YouTube.com\/DellarteSolucoes &#8211; online<\/strong><\/p>\n\n\n\n<p>As atra\u00e7\u00f5es ser\u00e3o gratuitas mediante a colabora\u00e7\u00e3o de 1 kg de alimento n\u00e3o perec\u00edvel para a Campanha da Solidariedade, a ser entregue no local do evento.<\/p>\n\n\n\n<p><strong>UCP &#8211; Universidade Cat\u00f3lica de Petr\u00f3polis&nbsp;&#8211; presencial<\/strong><strong><\/strong><\/p>\n\n\n\n<p>Rua Benjamin Constant, 213 \u2013 Centro &#8211; Petr\u00f3polis<\/p>\n\n\n\n<p>Telefone: 24 \u2013 2244 4044<\/p>\n\n\n\n<p>Sal\u00e3o Nobre \u2013 capacidade de 80 pessoas<\/p>\n\n\n\n<p>Capela \u2013 capacidade de 60 pessoas<\/p>\n\n\n\n<p><strong>Open Air &#8211; C\u00e2mara Municipal de Petr\u00f3polis \u2013 presencial<\/strong><\/p>\n\n\n\n<p>Pal\u00e1cio Amarelo \u2013&nbsp;Rua Visconde de Mau\u00e1, 89 &#8211; Centro (Pra\u00e7a da \u00c1guia)<\/p>\n","protected":false},"excerpt":{"rendered":"<p>O Festival de Inverno de Petr\u00f3polis, produzido pela Dellarte, chega \u00e0 sua 20\u00ba edi\u00e7\u00e3o, de\u00a014<\/p>\n","protected":false},"author":2,"featured_media":20552,"comment_status":"open","ping_status":"open","sticky":false,"template":"","format":"standard","meta":{"footnotes":""},"categories":[12],"tags":[],"class_list":["post-20551","post","type-post","status-publish","format-standard","has-post-thumbnail","hentry","category-cidade"],"_links":{"self":[{"href":"https:\/\/tvc16.com\/portal\/wp-json\/wp\/v2\/posts\/20551","targetHints":{"allow":["GET"]}}],"collection":[{"href":"https:\/\/tvc16.com\/portal\/wp-json\/wp\/v2\/posts"}],"about":[{"href":"https:\/\/tvc16.com\/portal\/wp-json\/wp\/v2\/types\/post"}],"author":[{"embeddable":true,"href":"https:\/\/tvc16.com\/portal\/wp-json\/wp\/v2\/users\/2"}],"replies":[{"embeddable":true,"href":"https:\/\/tvc16.com\/portal\/wp-json\/wp\/v2\/comments?post=20551"}],"version-history":[{"count":1,"href":"https:\/\/tvc16.com\/portal\/wp-json\/wp\/v2\/posts\/20551\/revisions"}],"predecessor-version":[{"id":20553,"href":"https:\/\/tvc16.com\/portal\/wp-json\/wp\/v2\/posts\/20551\/revisions\/20553"}],"wp:featuredmedia":[{"embeddable":true,"href":"https:\/\/tvc16.com\/portal\/wp-json\/wp\/v2\/media\/20552"}],"wp:attachment":[{"href":"https:\/\/tvc16.com\/portal\/wp-json\/wp\/v2\/media?parent=20551"}],"wp:term":[{"taxonomy":"category","embeddable":true,"href":"https:\/\/tvc16.com\/portal\/wp-json\/wp\/v2\/categories?post=20551"},{"taxonomy":"post_tag","embeddable":true,"href":"https:\/\/tvc16.com\/portal\/wp-json\/wp\/v2\/tags?post=20551"}],"curies":[{"name":"wp","href":"https:\/\/api.w.org\/{rel}","templated":true}]}}