{"id":20557,"date":"2021-09-07T13:49:21","date_gmt":"2021-09-07T16:49:21","guid":{"rendered":"https:\/\/tvc16.com\/portal\/?p=20557"},"modified":"2021-09-07T13:49:23","modified_gmt":"2021-09-07T16:49:23","slug":"ato-civico-pelo-dia-da-independencia-reuniu-governo-municipal-autoridades-civis-e-militares-em-itaipava","status":"publish","type":"post","link":"https:\/\/tvc16.com\/portal\/2021\/09\/07\/ato-civico-pelo-dia-da-independencia-reuniu-governo-municipal-autoridades-civis-e-militares-em-itaipava\/","title":{"rendered":"Ato c\u00edvico pelo Dia da Independ\u00eancia reuniu governo municipal, autoridades civis e militares em Itaipava"},"content":{"rendered":"\n<p>O prefeito Hingo Hammes participou na manh\u00e3 desta ter\u00e7a-feira (07\/09), acompanhado de secret\u00e1rios de governo e vereadores, de um ato c\u00edvico pelo Dia da Independ\u00eancia, no Trevo de Bonsucesso, quando foi realizado o hasteamento da bandeira nacional, que ficar\u00e1 de forma permanente no local. A solenidade contou tamb\u00e9m com a participa\u00e7\u00e3o da Banda do 32\u00aa Batalh\u00e3o de Infantaria Leve de Montanha (BIL Mth) &#8211; Batalh\u00e3o Dom Pedro II e com uma exposi\u00e7\u00e3o de ve\u00edculos militares antigos. O evento reuniu autoridades civis, militares e convidados, e apresentou \u00e0 sociedade as melhorias que a Prefeitura vem realizando no trevo, em parceria com a iniciativa privada, numa a\u00e7\u00e3o em parceria com a Associa\u00e7\u00e3o Filantr\u00f3pica de Petr\u00f3polis (Afipe).<\/p>\n\n\n\n<p>O prefeito Hingo Hammes fez quest\u00e3o de ressaltar a import\u00e2ncia da data. &#8220;N\u00e3o poder\u00edamos deixar de lembrar a Independ\u00eancia do Brasil, uma data t\u00e3o importante para todos n\u00f3s. Gostaria tamb\u00e9m de destacar que estamos trabalhando para que Petr\u00f3polis seja centro das aten\u00e7\u00f5es do Estado nas comemora\u00e7\u00f5es do bicenten\u00e1rio da Independ\u00eancia, em 2022&#8221;, adiantou o prefeito.<\/p>\n\n\n\n<p>Hammes falou tamb\u00e9m das melhorias implentadas no trevo de Bonsucesso. &#8220;O trabalho que vem sendo feito aqui \u00e9 um importante exemplo de que a uni\u00e3o de for\u00e7as entre o poder p\u00fablico e a iniciativa privada produz bons resultados. O local est\u00e1 muito bonito e, agora, com este pavilh\u00e3o nacional, se consolida como mais um ponto que atrai aten\u00e7\u00e3o na regi\u00e3o&#8221;, disse.<\/p>\n\n\n\n<p>O projeto \u201cVamos Florir Itaipava\u201d, foi elaborado pela Afipe e doado \u00e0 Prefeitura. Ele incluiu a limpeza e manuten\u00e7\u00e3o das palmeiras, reforma do monumento do centen\u00e1rio da Estrada Uni\u00e3o e Ind\u00fastria e plantio de brom\u00e9lias ao redor das \u00e1rvores, numa a\u00e7\u00e3o conjunta entre a Comdep e a Secretaria de Meio Ambiente. Al\u00e9m disso, ele prev\u00ea o plantio de flores, mudas de plantas e \u00e1rvores, abrangendo um trecho de aproximadamente quatro quil\u00f4metros, entre o trevo de Bonsucesso e as imedia\u00e7\u00f5es do terminal de \u00f4nibus de Itaipava. A revitaliza\u00e7\u00e3o do canteiro central, \u00e1rea externa do Parque Municipal, Hortomercado e rotat\u00f3rias do distrito, tamb\u00e9m est\u00e3o inclu\u00eddas no projeto.<\/p>\n\n\n\n<p>Vera Cec\u00edlia Pereira, presidente da Afipe, falou que, sem a parceria com a Prefeitura, o projeto Vamos Florir Itaipava seria invi\u00e1vel. &#8220;Agrade\u00e7o muito a forma com que fui recebida por todos do governo, que abra\u00e7aram imediatamente a ideia, fazendo com que esse projeto sa\u00edsse rapidamente do papel. Agora estamos trabalhando pela revitaliza\u00e7\u00e3o da r\u00e9plica da Mazeppa, a carruagem aqui instalada no centen\u00e1rio da Uni\u00e3o e Ind\u00fastria, para que at\u00e9 o fim do ano ela esteja de volta ao seu local de origem. Ser\u00e1 o fechamento com chave de ouro da recupera\u00e7\u00e3o do trevo de Bonsucesso&#8221;, comemorou.<\/p>\n\n\n\n<p>O secret\u00e1rio de Turismo, Samir El Ghaoui, falou em nome dos secret\u00e1rios. Ele tamb\u00e9m destacou a import\u00e2ncia da solenidade como um evento c\u00edvico e enalteceu o belo trabalho que vem sendo realizado no trevo pelo governo municipal. &#8220;Esta a\u00e7\u00e3o est\u00e1 sendo muito importante para o embelezamento da chegada a Itaipava, que h\u00e1 muito anos \u00e9 uma refer\u00eancia tur\u00edstica da cidade. Conseguimos unir hoje aqui duas importante a\u00e7\u00f5es, uma c\u00edvica e outra de melhoria urbana&#8221;, disse Samir, lembrando que o projeto da Afipe em breve chegar\u00e1 tamb\u00e9m a outras entradas da cidade, como as do Bingen e do Quitandinha.<\/p>\n\n\n\n<p>A bandeira nacional que foi hasteada na ocasi\u00e3o foi doada pelo grupo Assa\u00ed Atacadista. Estiveram tamb\u00e9m presentes \u00e0 solenidade o chefe do Centro General Ernani Ayrosa, coronel Tokio Nakashima Filho; os delegados da Pol\u00edcia Civil Jo\u00e3o Valentim e Ney Loureiro; os secret\u00e1rios Fabio J\u00fanior (Chefia de Gabinete), Fabio Alves (Procuradoria), Alex Christ (Controladoria), Marcelo Soares (Desenvolvimento Econ\u00f4mico), Gil Kempers (Defesa Civil), Karina Bronzo (SSOP), Edmardo Campbell (Meio Ambiente), Luciano Moreira (CPTrans), os vereadores Junior Coruja, Gil Magno, Junior Paix\u00e3o e Marcelo Lessa, al\u00e9m do empres\u00e1rio Fernando Morelli, propriet\u00e1rio do P\u00e1tio 42 &#8211; um espa\u00e7o dedicado a ve\u00edculos militares antigos que apresentou tr\u00eas modelos no evento. Tamb\u00e9m estavam presentes o grupo Pelopes de ex-militares do 32\u00aa Batalh\u00e3o de Infantaria Leve de Montanha (BIL Mth) &#8211; Batalh\u00e3o Dom Pedro II.<\/p>\n","protected":false},"excerpt":{"rendered":"<p>O prefeito Hingo Hammes participou na manh\u00e3 desta ter\u00e7a-feira (07\/09), acompanhado de secret\u00e1rios de governo<\/p>\n","protected":false},"author":2,"featured_media":20558,"comment_status":"open","ping_status":"open","sticky":false,"template":"","format":"standard","meta":{"footnotes":""},"categories":[12],"tags":[],"class_list":["post-20557","post","type-post","status-publish","format-standard","has-post-thumbnail","hentry","category-cidade"],"_links":{"self":[{"href":"https:\/\/tvc16.com\/portal\/wp-json\/wp\/v2\/posts\/20557","targetHints":{"allow":["GET"]}}],"collection":[{"href":"https:\/\/tvc16.com\/portal\/wp-json\/wp\/v2\/posts"}],"about":[{"href":"https:\/\/tvc16.com\/portal\/wp-json\/wp\/v2\/types\/post"}],"author":[{"embeddable":true,"href":"https:\/\/tvc16.com\/portal\/wp-json\/wp\/v2\/users\/2"}],"replies":[{"embeddable":true,"href":"https:\/\/tvc16.com\/portal\/wp-json\/wp\/v2\/comments?post=20557"}],"version-history":[{"count":1,"href":"https:\/\/tvc16.com\/portal\/wp-json\/wp\/v2\/posts\/20557\/revisions"}],"predecessor-version":[{"id":20559,"href":"https:\/\/tvc16.com\/portal\/wp-json\/wp\/v2\/posts\/20557\/revisions\/20559"}],"wp:featuredmedia":[{"embeddable":true,"href":"https:\/\/tvc16.com\/portal\/wp-json\/wp\/v2\/media\/20558"}],"wp:attachment":[{"href":"https:\/\/tvc16.com\/portal\/wp-json\/wp\/v2\/media?parent=20557"}],"wp:term":[{"taxonomy":"category","embeddable":true,"href":"https:\/\/tvc16.com\/portal\/wp-json\/wp\/v2\/categories?post=20557"},{"taxonomy":"post_tag","embeddable":true,"href":"https:\/\/tvc16.com\/portal\/wp-json\/wp\/v2\/tags?post=20557"}],"curies":[{"name":"wp","href":"https:\/\/api.w.org\/{rel}","templated":true}]}}