{"id":2056,"date":"2020-10-06T14:59:12","date_gmt":"2020-10-06T14:59:12","guid":{"rendered":"https:\/\/tvc16.com\/portal\/?p=2056"},"modified":"2020-10-06T14:59:12","modified_gmt":"2020-10-06T14:59:12","slug":"inflacao-para-familia-com-renda-mais-baixa-sobe-para-089-em-setembro","status":"publish","type":"post","link":"https:\/\/tvc16.com\/portal\/2020\/10\/06\/inflacao-para-familia-com-renda-mais-baixa-sobe-para-089-em-setembro\/","title":{"rendered":"Infla\u00e7\u00e3o para fam\u00edlia com renda mais baixa sobe para 0,89% em setembro"},"content":{"rendered":"\n<p>Taxa \u00e9 superior ao 0,55% observado em agosto, diz FGV<\/p>\n\n\n\n<h4 class=\"wp-block-heading\">Por Vitor Abdala &#8211; Rep\u00f3rter da Ag\u00eancia Brasil &#8211; Rio de Janeiro<\/h4>\n\n\n\n<p>O \u00cdndice de Pre\u00e7os ao Consumidor \u2013 Classe 1 (IPC-C1), que mede a varia\u00e7\u00e3o da cesta de compras para fam\u00edlias brasileiras com renda at\u00e9 2,5 sal\u00e1rios m\u00ednimos, registrou infla\u00e7\u00e3o de 0,89% em setembro deste ano, taxa superior ao 0,55% observado em agosto. De acordo a Funda\u00e7\u00e3o Getulio Vargas (FGV), o IPC-C1 acumula taxas de infla\u00e7\u00e3o de 3,13% no ano e de 4,54% em 12 meses.<img decoding=\"async\" src=\"https:\/\/agenciabrasil.ebc.com.br\/ebc.png?id=1389879&amp;o=node\"><img decoding=\"async\" src=\"https:\/\/agenciabrasil.ebc.com.br\/ebc.gif?id=1389879&amp;o=node\"><\/p>\n\n\n\n<p>As taxas de infla\u00e7\u00e3o do IPC-C1 ficaram acima daquelas medidas pelo \u00cdndice de Pre\u00e7os ao Consumidor \u2013 Brasil (IPC-BR), que mede a varia\u00e7\u00e3o das cestas de compras de todas as faixas de renda. O IPC-BR teve taxas de 0,82% em setembro e de 3,62% em 12 meses.<\/p>\n\n\n\n<p>A alta da infla\u00e7\u00e3o de agosto para setembro do IPC-C1 foi puxada por tr\u00eas das oito classes de despesa, com destaque para alimenta\u00e7\u00e3o (que subiu de 0,76% em agosto para 2,23% em setembro). As outras altas foram observadas nos grupos, educa\u00e7\u00e3o, leitura e recrea\u00e7\u00e3o (de 0,09% para 2,44%) e vestu\u00e1rio (de -0,42% para 0,12%).<\/p>\n\n\n\n<p>Por outro lado, cinco grupos tiveram queda na taxa: sa\u00fade e cuidados pessoais (de 0,61% em agosto para 0,10% em setembro), despesas diversas (de 0,58% para 0,26%), habita\u00e7\u00e3o (de 0,61% para 0,54%), comunica\u00e7\u00e3o (de 0,12% para 0,04%) e transportes (de 0,68% para 0,61%).<\/p>\n\n\n\n<p>Edi\u00e7\u00e3o: Val\u00e9ria Aguiar<\/p>\n","protected":false},"excerpt":{"rendered":"<p>Taxa \u00e9 superior ao 0,55% observado em agosto, diz FGV Por Vitor Abdala &#8211; Rep\u00f3rter<\/p>\n","protected":false},"author":2,"featured_media":2057,"comment_status":"open","ping_status":"open","sticky":false,"template":"","format":"standard","meta":{"footnotes":""},"categories":[18],"tags":[],"class_list":["post-2056","post","type-post","status-publish","format-standard","has-post-thumbnail","hentry","category-economia"],"_links":{"self":[{"href":"https:\/\/tvc16.com\/portal\/wp-json\/wp\/v2\/posts\/2056","targetHints":{"allow":["GET"]}}],"collection":[{"href":"https:\/\/tvc16.com\/portal\/wp-json\/wp\/v2\/posts"}],"about":[{"href":"https:\/\/tvc16.com\/portal\/wp-json\/wp\/v2\/types\/post"}],"author":[{"embeddable":true,"href":"https:\/\/tvc16.com\/portal\/wp-json\/wp\/v2\/users\/2"}],"replies":[{"embeddable":true,"href":"https:\/\/tvc16.com\/portal\/wp-json\/wp\/v2\/comments?post=2056"}],"version-history":[{"count":1,"href":"https:\/\/tvc16.com\/portal\/wp-json\/wp\/v2\/posts\/2056\/revisions"}],"predecessor-version":[{"id":2058,"href":"https:\/\/tvc16.com\/portal\/wp-json\/wp\/v2\/posts\/2056\/revisions\/2058"}],"wp:featuredmedia":[{"embeddable":true,"href":"https:\/\/tvc16.com\/portal\/wp-json\/wp\/v2\/media\/2057"}],"wp:attachment":[{"href":"https:\/\/tvc16.com\/portal\/wp-json\/wp\/v2\/media?parent=2056"}],"wp:term":[{"taxonomy":"category","embeddable":true,"href":"https:\/\/tvc16.com\/portal\/wp-json\/wp\/v2\/categories?post=2056"},{"taxonomy":"post_tag","embeddable":true,"href":"https:\/\/tvc16.com\/portal\/wp-json\/wp\/v2\/tags?post=2056"}],"curies":[{"name":"wp","href":"https:\/\/api.w.org\/{rel}","templated":true}]}}