{"id":20560,"date":"2021-09-07T14:03:44","date_gmt":"2021-09-07T17:03:44","guid":{"rendered":"https:\/\/tvc16.com\/portal\/?p=20560"},"modified":"2021-09-07T14:03:46","modified_gmt":"2021-09-07T17:03:46","slug":"nova-iguacu-faz-repescagem-para-grupos-acima-de-18-anos-nesta-quarta-feira-08","status":"publish","type":"post","link":"https:\/\/tvc16.com\/portal\/2021\/09\/07\/nova-iguacu-faz-repescagem-para-grupos-acima-de-18-anos-nesta-quarta-feira-08\/","title":{"rendered":"Nova Igua\u00e7u faz repescagem para grupos acima de 18 anos nesta quarta-feira (08)"},"content":{"rendered":"\n<p>Nesta quarta-feira (8), a Prefeitura de Nova Igua\u00e7u promove repescagem da vacina contra a Covid-19 em todos os grupos acima de 18 anos. A aplica\u00e7\u00e3o de primeira dose em adolescentes segue suspensa devido a um problema moment\u00e2neo de desabastecimento. Assim que recebermos mais doses do Minist\u00e9rio da Sa\u00fade, divulgaremos a continuidade do calend\u00e1rio de imuniza\u00e7\u00e3o dos menores.\u00a0<br><strong>Vacina\u00e7\u00e3o quarta-feira (08):<\/strong><br>&#8211; Pessoas acima de 18 anos;- Pessoas entre 18 a 59 anos com Comorbidades;- Portadores de defici\u00eancia definitiva acima de 18 anos;- Profissionais da sa\u00fade e educa\u00e7\u00e3o acima de 20 anos;- Cuidadores\/Curadores de pessoas com defici\u00eancia intelectual;\u00a0&#8211; Gestantes, Pu\u00e9rperas e Lactantes (que amamentam beb\u00eas at\u00e9 1 ano) acima de 18 anos;- Profissionais de Limpeza Urbana<br><strong>Pessoas com comorbidades, gestantes (com laudo m\u00e9dico), pu\u00e9rperas e lactantes (todos acima de 18 anos), devem se vacinar nos seguintes postos:<\/strong>\u00a0Cl\u00ednica da Fam\u00edlia do Amba\u00ed, Cl\u00ednica da Fam\u00edlia de Austin, Cl\u00ednica da Fam\u00edlia Boa Esperan\u00e7a, Cl\u00ednica da Fam\u00edlia de Cabu\u00e7u, Cl\u00ednica da Fam\u00edlia do Cai\u00e7ara, Cl\u00ednica da Fam\u00edlia Dom Bosco, Cl\u00ednica da Fam\u00edlia Edi Pinto da Silva, Cl\u00ednica da Fam\u00edlia Em\u00edlia Gomes, Cl\u00ednica da Fam\u00edlia de Jardim Para\u00edso, Cl\u00ednica da Fam\u00edlia do KM 32, Cl\u00ednica da Fam\u00edlia Mara\u00fa \u2013 Dirceu de Aquino Ramos, Cl\u00ednica da Fam\u00edlia Marfel, Cl\u00ednica da Fam\u00edlia de Vila de Cava, Cl\u00ednica da Fam\u00edlia Vila Oper\u00e1ria, Policl\u00ednica de Miguel Couto, Unidade de Sa\u00fade da Fam\u00edlia Rancho Fundo e Centro de Sa\u00fade Vasco Barcelos.\u00a0<br><strong>Segunda dose:\u00a0<\/strong>Continuar\u00e1 sendo aplicada conforme agendamento de retorno.<br><strong>Observa\u00e7\u00e3o<\/strong>: Respeitar o intervalo de no m\u00ednimo 14 dias entre a vacina Influenza (da gripe) e\/ou outra vacina do calend\u00e1rio de vacina\u00e7\u00e3o da gestante e a vacina contra Covid-19.<br><strong>Demais grupos devem se vacinar nestes locais:<\/strong>\u00a0Drive-Thru Top Shopping, Drive-Thru Detran Bairro Botafogo, Drive-Thru Shopping Nova Igua\u00e7u, Drive-Thru Centro Ol\u00edmpico, Espa\u00e7o Municipal Da Terceira Idade (Esmuti), Cl\u00ednica Da Fam\u00edlia Dom Bosco, Cl\u00ednica Da Fam\u00edlia Vila Oper\u00e1ria, Usf Rancho Fundo, Centro De Atendimento Ao Deficiente (Cad) , \u00a0Cl\u00ednica Da Fam\u00edlia Marfel , Cl\u00ednica Da Fam\u00edlia Do Cai\u00e7ara, \u00a0Cl\u00ednica Da Fam\u00edlia Do Amba\u00ed, \u00a0Cl\u00ednica Da Fam\u00edlia Jardim Para\u00edso, \u00a0Cl\u00ednica Da Fam\u00edlia Vila De Cava, \u00a0Cl\u00ednica Da Fam\u00edlia Austin, \u00a0Cl\u00ednica Da Fam\u00edlia Odiceia Morais, \u00a0Policl\u00ednica Miguel Couto, Cl\u00ednica Da Fam\u00edlia Em\u00edlia Gomes, Cad Monte L\u00edbano, Cl\u00ednica Da Fam\u00edlia Boa Esperan\u00e7a, Cl\u00ednica Da Fam\u00edlia Cabu\u00e7u , \u00a0Cl\u00ednica Da Fam\u00edlia Mara\u00fa , \u00a0Cl\u00ednica Da Fam\u00edlia Do Km32, \u00a0Cl\u00ednica Da Fam\u00edlia Edi Pinto Da Silva, Centro De Sa\u00fade Vasco Barcelos.<br><strong>Hor\u00e1rio<\/strong>: Das 8h30 \u00e0s 16h\u00a0<br>A lista completa com os pertencentes aos grupos de vacina\u00e7\u00e3o, documentos que devem ser apresentados para a imuniza\u00e7\u00e3o, os endere\u00e7os dos 24 pontos de vacina\u00e7\u00e3o contra a Covid-19 e o calend\u00e1rio de imuniza\u00e7\u00e3o est\u00e3o em:\u00a0<a rel=\"noreferrer noopener\" href=\"http:\/\/www.novaiguacu.rj.gov.br\/semus\/vacinacao-covid\/calend%C3%A1rio\" target=\"_blank\">www.novaiguacu.rj.gov.br\/semus\/vacinacao-covid\/calend\u00e1rio<\/a>. <\/p>\n","protected":false},"excerpt":{"rendered":"<p>Nesta quarta-feira (8), a Prefeitura de Nova Igua\u00e7u promove repescagem da vacina contra a Covid-19<\/p>\n","protected":false},"author":2,"featured_media":20561,"comment_status":"open","ping_status":"open","sticky":false,"template":"","format":"standard","meta":{"footnotes":""},"categories":[17],"tags":[],"class_list":["post-20560","post","type-post","status-publish","format-standard","has-post-thumbnail","hentry","category-outras-noticias"],"_links":{"self":[{"href":"https:\/\/tvc16.com\/portal\/wp-json\/wp\/v2\/posts\/20560","targetHints":{"allow":["GET"]}}],"collection":[{"href":"https:\/\/tvc16.com\/portal\/wp-json\/wp\/v2\/posts"}],"about":[{"href":"https:\/\/tvc16.com\/portal\/wp-json\/wp\/v2\/types\/post"}],"author":[{"embeddable":true,"href":"https:\/\/tvc16.com\/portal\/wp-json\/wp\/v2\/users\/2"}],"replies":[{"embeddable":true,"href":"https:\/\/tvc16.com\/portal\/wp-json\/wp\/v2\/comments?post=20560"}],"version-history":[{"count":1,"href":"https:\/\/tvc16.com\/portal\/wp-json\/wp\/v2\/posts\/20560\/revisions"}],"predecessor-version":[{"id":20562,"href":"https:\/\/tvc16.com\/portal\/wp-json\/wp\/v2\/posts\/20560\/revisions\/20562"}],"wp:featuredmedia":[{"embeddable":true,"href":"https:\/\/tvc16.com\/portal\/wp-json\/wp\/v2\/media\/20561"}],"wp:attachment":[{"href":"https:\/\/tvc16.com\/portal\/wp-json\/wp\/v2\/media?parent=20560"}],"wp:term":[{"taxonomy":"category","embeddable":true,"href":"https:\/\/tvc16.com\/portal\/wp-json\/wp\/v2\/categories?post=20560"},{"taxonomy":"post_tag","embeddable":true,"href":"https:\/\/tvc16.com\/portal\/wp-json\/wp\/v2\/tags?post=20560"}],"curies":[{"name":"wp","href":"https:\/\/api.w.org\/{rel}","templated":true}]}}