{"id":20563,"date":"2021-09-07T14:50:18","date_gmt":"2021-09-07T17:50:18","guid":{"rendered":"https:\/\/tvc16.com\/portal\/?p=20563"},"modified":"2021-09-07T14:50:20","modified_gmt":"2021-09-07T17:50:20","slug":"motociclista-fica-ferido-apos-acidente-na-rua-do-imperador","status":"publish","type":"post","link":"https:\/\/tvc16.com\/portal\/2021\/09\/07\/motociclista-fica-ferido-apos-acidente-na-rua-do-imperador\/","title":{"rendered":"Motociclista fica ferido ap\u00f3s acidente na Rua do Imperador"},"content":{"rendered":"\n<p>Na manh\u00e3 desta ter\u00e7a-feira (07), por volta das 11h20, um motociclista ficou ferido ap\u00f3s um acidente no lado par da Rua do Imperador, sentido Obelisco. De acordo com testemunhas ele realizou uma ultrapassagem e em seguida acabou colidindo em um carro de passeio, ap\u00f3s a motorista, que estava com o autom\u00f3vel estacionado, abrir a porta do ve\u00edculo. Ela acionou o Corpo de Bombeiros, que realizou os primeiros atendimentos \u00e0 v\u00edtima e a encaminhou ao Hospital Santa teresa (HST), no Bingen. O estado de sa\u00fade do homem, que tinha cerca de 40 anos, n\u00e3o foi divulgado. Devido a colis\u00e3o o tr\u00e2nsito no local ficou interditado por alguns minutos, o que causou congestionamento. <\/p>\n\n\n\n<p><\/p>\n","protected":false},"excerpt":{"rendered":"<p>Na manh\u00e3 desta ter\u00e7a-feira (07), por volta das 11h20, um motociclista ficou ferido ap\u00f3s um<\/p>\n","protected":false},"author":2,"featured_media":20564,"comment_status":"open","ping_status":"open","sticky":false,"template":"","format":"standard","meta":{"footnotes":""},"categories":[12],"tags":[],"class_list":["post-20563","post","type-post","status-publish","format-standard","has-post-thumbnail","hentry","category-cidade"],"_links":{"self":[{"href":"https:\/\/tvc16.com\/portal\/wp-json\/wp\/v2\/posts\/20563","targetHints":{"allow":["GET"]}}],"collection":[{"href":"https:\/\/tvc16.com\/portal\/wp-json\/wp\/v2\/posts"}],"about":[{"href":"https:\/\/tvc16.com\/portal\/wp-json\/wp\/v2\/types\/post"}],"author":[{"embeddable":true,"href":"https:\/\/tvc16.com\/portal\/wp-json\/wp\/v2\/users\/2"}],"replies":[{"embeddable":true,"href":"https:\/\/tvc16.com\/portal\/wp-json\/wp\/v2\/comments?post=20563"}],"version-history":[{"count":1,"href":"https:\/\/tvc16.com\/portal\/wp-json\/wp\/v2\/posts\/20563\/revisions"}],"predecessor-version":[{"id":20565,"href":"https:\/\/tvc16.com\/portal\/wp-json\/wp\/v2\/posts\/20563\/revisions\/20565"}],"wp:featuredmedia":[{"embeddable":true,"href":"https:\/\/tvc16.com\/portal\/wp-json\/wp\/v2\/media\/20564"}],"wp:attachment":[{"href":"https:\/\/tvc16.com\/portal\/wp-json\/wp\/v2\/media?parent=20563"}],"wp:term":[{"taxonomy":"category","embeddable":true,"href":"https:\/\/tvc16.com\/portal\/wp-json\/wp\/v2\/categories?post=20563"},{"taxonomy":"post_tag","embeddable":true,"href":"https:\/\/tvc16.com\/portal\/wp-json\/wp\/v2\/tags?post=20563"}],"curies":[{"name":"wp","href":"https:\/\/api.w.org\/{rel}","templated":true}]}}