{"id":20566,"date":"2021-09-07T16:21:07","date_gmt":"2021-09-07T19:21:07","guid":{"rendered":"https:\/\/tvc16.com\/portal\/?p=20566"},"modified":"2021-09-07T16:21:28","modified_gmt":"2021-09-07T19:21:28","slug":"manifestacoes-marcam-7-de-setembro-em-petropolis","status":"publish","type":"post","link":"https:\/\/tvc16.com\/portal\/2021\/09\/07\/manifestacoes-marcam-7-de-setembro-em-petropolis\/","title":{"rendered":"Manifesta\u00e7\u00f5es marcam 7 de setembro em Petr\u00f3polis"},"content":{"rendered":"\n<p>O feriado de 7 de Setembro, Dia da Independ\u00eancia, foi marcado por diversas manifesta\u00e7\u00f5es em Petr\u00f3polis. Pessoas a favor do governo do presidente Jair Bolsonaro se reuniram na Pra\u00e7a Dom Pedro, ao longo de todo o dia, com camisas verde e amarelo, faixas, buzinas e a tradicional bandeira nacional. Nos carros de som o hino nacional tocou in\u00fameras vezes. Palavras de ordem tamb\u00e9m foram ditas durante as carretas de carros e motos pela cidade.<\/p>\n","protected":false},"excerpt":{"rendered":"<p>O feriado de 7 de Setembro, Dia da Independ\u00eancia, foi marcado por diversas manifesta\u00e7\u00f5es em<\/p>\n","protected":false},"author":2,"featured_media":20567,"comment_status":"open","ping_status":"open","sticky":false,"template":"","format":"standard","meta":{"footnotes":""},"categories":[12],"tags":[],"class_list":["post-20566","post","type-post","status-publish","format-standard","has-post-thumbnail","hentry","category-cidade"],"_links":{"self":[{"href":"https:\/\/tvc16.com\/portal\/wp-json\/wp\/v2\/posts\/20566","targetHints":{"allow":["GET"]}}],"collection":[{"href":"https:\/\/tvc16.com\/portal\/wp-json\/wp\/v2\/posts"}],"about":[{"href":"https:\/\/tvc16.com\/portal\/wp-json\/wp\/v2\/types\/post"}],"author":[{"embeddable":true,"href":"https:\/\/tvc16.com\/portal\/wp-json\/wp\/v2\/users\/2"}],"replies":[{"embeddable":true,"href":"https:\/\/tvc16.com\/portal\/wp-json\/wp\/v2\/comments?post=20566"}],"version-history":[{"count":2,"href":"https:\/\/tvc16.com\/portal\/wp-json\/wp\/v2\/posts\/20566\/revisions"}],"predecessor-version":[{"id":20569,"href":"https:\/\/tvc16.com\/portal\/wp-json\/wp\/v2\/posts\/20566\/revisions\/20569"}],"wp:featuredmedia":[{"embeddable":true,"href":"https:\/\/tvc16.com\/portal\/wp-json\/wp\/v2\/media\/20567"}],"wp:attachment":[{"href":"https:\/\/tvc16.com\/portal\/wp-json\/wp\/v2\/media?parent=20566"}],"wp:term":[{"taxonomy":"category","embeddable":true,"href":"https:\/\/tvc16.com\/portal\/wp-json\/wp\/v2\/categories?post=20566"},{"taxonomy":"post_tag","embeddable":true,"href":"https:\/\/tvc16.com\/portal\/wp-json\/wp\/v2\/tags?post=20566"}],"curies":[{"name":"wp","href":"https:\/\/api.w.org\/{rel}","templated":true}]}}