{"id":20570,"date":"2021-09-07T18:06:05","date_gmt":"2021-09-07T21:06:05","guid":{"rendered":"https:\/\/tvc16.com\/portal\/?p=20570"},"modified":"2021-09-07T18:06:08","modified_gmt":"2021-09-07T21:06:08","slug":"prefeitura-de-nova-iguacu-cria-assessoria-especial-de-protecao-animal","status":"publish","type":"post","link":"https:\/\/tvc16.com\/portal\/2021\/09\/07\/prefeitura-de-nova-iguacu-cria-assessoria-especial-de-protecao-animal\/","title":{"rendered":"Prefeitura de Nova Igua\u00e7u cria Assessoria Especial de Prote\u00e7\u00e3o Animal"},"content":{"rendered":"\n<p>A Prefeitura de Nova Igua\u00e7u criou recentemente a Assessoria Especial de Prote\u00e7\u00e3o Animal. Sua miss\u00e3o ser\u00e1 articular a\u00e7\u00f5es de prote\u00e7\u00e3o e defesa animal em conjunto com as secretarias municipais de Sa\u00fade, Educa\u00e7\u00e3o, Assist\u00eancia, Meio Ambiente, Emlurb, Seguran\u00e7a, Postura e Defesa Civil.\u00a0<\/p>\n\n\n\n<p>&#8220;Quando assumi a Prefeitura de Nova Igua\u00e7u, precisei, primeiro, ajustar as finan\u00e7as da cidade. Quando tudo j\u00e1 estava resolvido, veio a pandemia da Covid-19, que nos impediu dar andamento em v\u00e1rios projetos, como o da prote\u00e7\u00e3o e defesa animal, por exemplo.  Mas agora, com a evolu\u00e7\u00e3o da vacina\u00e7\u00e3o da popula\u00e7\u00e3o contra o novo coronav\u00edrus, pudemos criar a Assessoria Especial de Prote\u00e7\u00e3o Animal. Com ela, asseguramos o compromisso de um trabalho transparente, que v\u00e1 de encontro aos par\u00e2metros nacionais e internacionais de defesa, prote\u00e7\u00e3o e cuidado animal\u201d, afirma o prefeito Rogerio Lisboa. <\/p>\n\n\n\n<p>A primeira a\u00e7\u00e3o nesse sentido ser\u00e1 o Dia D da Campanha Anual de Vacina\u00e7\u00e3o Antirr\u00e1bica, no pr\u00f3ximo dia 25, da Secretaria Municipal de Sa\u00fade. Poder\u00e3o ser vacinados c\u00e3es e gatos saud\u00e1veis a partir de 3 meses de idade. Os canis legalizados e os protetores de animais poder\u00e3o realizar agendamento para imuniza\u00e7\u00e3o nos locais de abrigo a partir do dia 26 de setembro. Pessoas que cuidam de animais em situa\u00e7\u00e3o de rua tamb\u00e9m podem lev\u00e1-los para serem imunizados.\u00a0\u00a0A raiva \u00e9 uma doen\u00e7a causada por um v\u00edrus que leva \u00e0 morte quase a totalidade dos casos, podendo infectar seres humanos. <\/p>\n\n\n\n<p>Os sintomas da raiva animal s\u00e3o agressividade, agita\u00e7\u00e3o, medo, ansiedade e dem\u00eancia.\u00a0\u00a0O Dia D de Vacina\u00e7\u00e3o Antirr\u00e1bica inaugura um conjunto de a\u00e7\u00f5es que a Prefeitura de Nova Igua\u00e7u planeja para a defesa animal. Desta forma, os protetores de animais podem aproveitar o per\u00edodo da campanha para fazer seu cadastro.\u00a0<\/p>\n\n\n\n<p>Simultaneamente ao Dia D da Vacina\u00e7\u00e3o Antirr\u00e1bica ser\u00e1 promovida, nos 40 postos de imuniza\u00e7\u00e3o, a Campanha de Doa\u00e7\u00e3o de Ra\u00e7\u00e3o. As ra\u00e7\u00f5es ser\u00e3o distribu\u00eddas para institui\u00e7\u00f5es que ser\u00e3o previamente cadastradas.\u00a0\u00a0Sensibilizada sobre a import\u00e2ncia do bem-estar animal, a Prefeitura de Nova Igua\u00e7u pretende criar uma Rede de Solidariedade e Prote\u00e7\u00e3o Animal por meio dos \u00f3rg\u00e3os governamentais e os protetores cadastrados.\u00a0\u00a0<\/p>\n\n\n\n<p>As a\u00e7\u00f5es realizadas de forma articulada e conjunta permitir\u00e1 que a Prefeitura realize uma in\u00e9dita contagem de animais na cidade. Essa pesquisa vai embasar a\u00e7\u00f5es para os pr\u00f3ximos anos a partir de dados atualizados.\u00a0Os canais da Ouvidoria da Prefeitura de Nova Igua\u00e7u (tel.: 2666-4910,\u00a0<a rel=\"noreferrer noopener\" href=\"https:\/\/www.novaiguacu.rj.gov.br\/ouvidoria\/\" target=\"_blank\">https:\/\/www.novaiguacu.rj.gov.br\/ouvidoria\/<\/a>\u00a0ou\u00a0<a rel=\"noreferrer noopener\" href=\"mailto:ouvidoria@novaiguacu.rj.gov.br\" target=\"_blank\">ouvidoria@novaiguacu.rj.gov.br<\/a>) podem ser acionados para fazer den\u00fancias de maus-tratos contra animais.<\/p>\n","protected":false},"excerpt":{"rendered":"<p>A Prefeitura de Nova Igua\u00e7u criou recentemente a Assessoria Especial de Prote\u00e7\u00e3o Animal. Sua miss\u00e3o<\/p>\n","protected":false},"author":2,"featured_media":20572,"comment_status":"open","ping_status":"open","sticky":false,"template":"","format":"standard","meta":{"footnotes":""},"categories":[17],"tags":[],"class_list":["post-20570","post","type-post","status-publish","format-standard","has-post-thumbnail","hentry","category-outras-noticias"],"_links":{"self":[{"href":"https:\/\/tvc16.com\/portal\/wp-json\/wp\/v2\/posts\/20570","targetHints":{"allow":["GET"]}}],"collection":[{"href":"https:\/\/tvc16.com\/portal\/wp-json\/wp\/v2\/posts"}],"about":[{"href":"https:\/\/tvc16.com\/portal\/wp-json\/wp\/v2\/types\/post"}],"author":[{"embeddable":true,"href":"https:\/\/tvc16.com\/portal\/wp-json\/wp\/v2\/users\/2"}],"replies":[{"embeddable":true,"href":"https:\/\/tvc16.com\/portal\/wp-json\/wp\/v2\/comments?post=20570"}],"version-history":[{"count":1,"href":"https:\/\/tvc16.com\/portal\/wp-json\/wp\/v2\/posts\/20570\/revisions"}],"predecessor-version":[{"id":20573,"href":"https:\/\/tvc16.com\/portal\/wp-json\/wp\/v2\/posts\/20570\/revisions\/20573"}],"wp:featuredmedia":[{"embeddable":true,"href":"https:\/\/tvc16.com\/portal\/wp-json\/wp\/v2\/media\/20572"}],"wp:attachment":[{"href":"https:\/\/tvc16.com\/portal\/wp-json\/wp\/v2\/media?parent=20570"}],"wp:term":[{"taxonomy":"category","embeddable":true,"href":"https:\/\/tvc16.com\/portal\/wp-json\/wp\/v2\/categories?post=20570"},{"taxonomy":"post_tag","embeddable":true,"href":"https:\/\/tvc16.com\/portal\/wp-json\/wp\/v2\/tags?post=20570"}],"curies":[{"name":"wp","href":"https:\/\/api.w.org\/{rel}","templated":true}]}}