{"id":20574,"date":"2021-09-08T11:57:11","date_gmt":"2021-09-08T14:57:11","guid":{"rendered":"https:\/\/tvc16.com\/portal\/?p=20574"},"modified":"2021-09-08T11:57:13","modified_gmt":"2021-09-08T14:57:13","slug":"acelera-petropolis-cras-volante-chegou-hoje-08-a-cascatinha","status":"publish","type":"post","link":"https:\/\/tvc16.com\/portal\/2021\/09\/08\/acelera-petropolis-cras-volante-chegou-hoje-08-a-cascatinha\/","title":{"rendered":"Acelera Petr\u00f3polis: Cras Volante chegou hoje (08) a Cascatinha"},"content":{"rendered":"\n<p>Hoje (08), os moradores de Cascatinha come\u00e7aram a contar com mais uma a\u00e7\u00e3o do Programa Acelera Petr\u00f3polis. O CRAS Volante, que disponibiliza servi\u00e7os como a atualiza\u00e7\u00e3o e inser\u00e7\u00e3o cadastral, servi\u00e7o de conviv\u00eancia, orienta\u00e7\u00f5es sobre cadastros em programas e benef\u00edcios sociais. A estrutura foi instalada no Centro Cultural de Cascatinha, na Rua H\u00edvio Naliato, e permanecer\u00e1 no local at\u00e9 o dia 17 de setembro. As atividades tiveram in\u00edcio \u00e0s 8h30 e seguem at\u00e9 \u00e0s 17h. Orientadores e assistentes sociais est\u00e3o no local realizando os atendimentos.<\/p>\n\n\n\n<p>O Cras Volante \u00e9 uma a\u00e7\u00e3o da Secretaria de Assist\u00eancia Social com a finalidade de levar informa\u00e7\u00f5es para quem mora em bairros e distritos, como tamb\u00e9m realizar atendimentos assistenciais com o intuito de facilitar o acesso da popula\u00e7\u00e3o aos servi\u00e7os de assist\u00eancia.<\/p>\n\n\n\n<p>As equipes j\u00e1 percorreram comunidades do Vicenzo Rivetti, Roseiral, Jardim Salvador, Meio da Serra e Caxambu. Recentemente, estiveram no bairro Floresta, onde durante tr\u00eas dias foram atendidas 96 pessoas.<\/p>\n\n\n\n<p>A secret\u00e1ria de Assist\u00eancia Social, Rosane Borsato, ressaltou a import\u00e2ncia da visita do Cras Volante para os moradores dos bairros onde ocorrem as a\u00e7\u00f5es. &#8220;Estamos facilitando o acesso de toda a popula\u00e7\u00e3o com o intuito de garantir que aqueles que mais precisam, sejam acolhidos. Muitas vezes eles n\u00e3o tem como chegar aos CRAS. Com o CRAS Volante, vamos at\u00e9 eles para que fiquem em dia com seu cadastro e possam obter os benef\u00edcios oferecidos nos programas sociais&#8221;, disse Rosane.<\/p>\n\n\n\n<p>Foto: Arquivo PMP<\/p>\n","protected":false},"excerpt":{"rendered":"<p>Hoje (08), os moradores de Cascatinha come\u00e7aram a contar com mais uma a\u00e7\u00e3o do Programa<\/p>\n","protected":false},"author":2,"featured_media":20575,"comment_status":"open","ping_status":"open","sticky":false,"template":"","format":"standard","meta":{"footnotes":""},"categories":[12],"tags":[],"class_list":["post-20574","post","type-post","status-publish","format-standard","has-post-thumbnail","hentry","category-cidade"],"_links":{"self":[{"href":"https:\/\/tvc16.com\/portal\/wp-json\/wp\/v2\/posts\/20574","targetHints":{"allow":["GET"]}}],"collection":[{"href":"https:\/\/tvc16.com\/portal\/wp-json\/wp\/v2\/posts"}],"about":[{"href":"https:\/\/tvc16.com\/portal\/wp-json\/wp\/v2\/types\/post"}],"author":[{"embeddable":true,"href":"https:\/\/tvc16.com\/portal\/wp-json\/wp\/v2\/users\/2"}],"replies":[{"embeddable":true,"href":"https:\/\/tvc16.com\/portal\/wp-json\/wp\/v2\/comments?post=20574"}],"version-history":[{"count":1,"href":"https:\/\/tvc16.com\/portal\/wp-json\/wp\/v2\/posts\/20574\/revisions"}],"predecessor-version":[{"id":20576,"href":"https:\/\/tvc16.com\/portal\/wp-json\/wp\/v2\/posts\/20574\/revisions\/20576"}],"wp:featuredmedia":[{"embeddable":true,"href":"https:\/\/tvc16.com\/portal\/wp-json\/wp\/v2\/media\/20575"}],"wp:attachment":[{"href":"https:\/\/tvc16.com\/portal\/wp-json\/wp\/v2\/media?parent=20574"}],"wp:term":[{"taxonomy":"category","embeddable":true,"href":"https:\/\/tvc16.com\/portal\/wp-json\/wp\/v2\/categories?post=20574"},{"taxonomy":"post_tag","embeddable":true,"href":"https:\/\/tvc16.com\/portal\/wp-json\/wp\/v2\/tags?post=20574"}],"curies":[{"name":"wp","href":"https:\/\/api.w.org\/{rel}","templated":true}]}}