{"id":20586,"date":"2021-09-08T12:10:57","date_gmt":"2021-09-08T15:10:57","guid":{"rendered":"https:\/\/tvc16.com\/portal\/?p=20586"},"modified":"2021-09-08T12:11:31","modified_gmt":"2021-09-08T15:11:31","slug":"covid-19-rio-de-janeiro-retoma-vacinacao-de-adolescentes","status":"publish","type":"post","link":"https:\/\/tvc16.com\/portal\/2021\/09\/08\/covid-19-rio-de-janeiro-retoma-vacinacao-de-adolescentes\/","title":{"rendered":"Covid-19: Rio de Janeiro retoma vacina\u00e7\u00e3o de adolescentes"},"content":{"rendered":"\n<h3 class=\"wp-block-heading\">Hoje ser\u00e3o imunizadas meninas de 15 anos<\/h3>\n\n\n\n<h4 class=\"wp-block-heading\">Por Akemi Nitahara \u2013 Rep\u00f3rter da Ag\u00eancia Brasil &#8211; Rio de Janeiro<\/h4>\n\n\n\n<p>A Secretaria Municipal de Sa\u00fade do Rio Janeiro (SMS) retomou hoje (8) a vacina\u00e7\u00e3o contra a covid-19 de adolescentes, com a aplica\u00e7\u00e3o da primeira dose em meninas de 15 anos. O dia de amanh\u00e3 (9) foi reservado para o mesmo grupo e os meninos de 15 anos poder\u00e3o iniciar a imuniza\u00e7\u00e3o na sexta-feira (10).<img decoding=\"async\" src=\"https:\/\/agenciabrasil.ebc.com.br\/ebc.png?id=1421020&amp;o=node\"><img decoding=\"async\" src=\"https:\/\/agenciabrasil.ebc.com.br\/ebc.gif?id=1421020&amp;o=node\"><\/p>\n\n\n\n<p>A retomada ocorre ap\u00f3s a entrega, pelo Minist\u00e9rio da Sa\u00fade, de 35.832 doses do imunizante da fabricante norte-americana Pfizer para as primeiras doses na segunda-feira (6). A vacina da Pfizer \u00e9 a \u00fanica que j\u00e1 tem autoriza\u00e7\u00e3o da Ag\u00eancia Nacional de Vigil\u00e2ncia Sanit\u00e1ria (Anvisa) para a aplica\u00e7\u00e3o no p\u00fablico entre 12 e 17 anos.<\/p>\n\n\n\n<p>A repescagem para a primeira dose ocorre para pessoas a partir de 25 anos, gestantes, pu\u00e9rperas, lactantes e deficientes a partir dos 12 anos de idade. Para a repescagem, a Secretaria de Sa\u00fade sugere que se compare\u00e7a aos postos de vacina\u00e7\u00e3o na parte da tarde.<\/p>\n\n\n\n<p>Ontem, devido ao feriado de 7 de setembro, n\u00e3o houve vacina\u00e7\u00e3o na cidade. Segundo a secretaria, as datas para aplica\u00e7\u00e3o da primeira dose nos adolescentes de 14 a 12 anos s\u00f3 ser\u00e3o divulgadas quando o Rio receber mais vacinas da Pfizer.<\/p>\n\n\n\n<p>O painel de vacina\u00e7\u00e3o da prefeitura aponta que 77,9% da popula\u00e7\u00e3o total da cidade receberam a primeira dose e 42% est\u00e3o com o esquema vacinal completo contra a covid-19, com duas doses da AstraZeneca, CoronaVac ou Pfizer ou com a dose \u00fanica da Janssen.&nbsp;<\/p>\n\n\n\n<p>No recorte do p\u00fablico-alvo da campanha de vacina\u00e7\u00e3o, de pessoas com 12 anos ou mais, s\u00e3o 91% com a primeira dose e 48,9% com a imuniza\u00e7\u00e3o completa.<\/p>\n\n\n\n<p>Edi\u00e7\u00e3o: Kleber Sampaio<\/p>\n","protected":false},"excerpt":{"rendered":"<p>Hoje ser\u00e3o imunizadas meninas de 15 anos Por Akemi Nitahara \u2013 Rep\u00f3rter da Ag\u00eancia Brasil<\/p>\n","protected":false},"author":2,"featured_media":20587,"comment_status":"open","ping_status":"open","sticky":false,"template":"","format":"standard","meta":{"footnotes":""},"categories":[17],"tags":[],"class_list":["post-20586","post","type-post","status-publish","format-standard","has-post-thumbnail","hentry","category-outras-noticias"],"_links":{"self":[{"href":"https:\/\/tvc16.com\/portal\/wp-json\/wp\/v2\/posts\/20586","targetHints":{"allow":["GET"]}}],"collection":[{"href":"https:\/\/tvc16.com\/portal\/wp-json\/wp\/v2\/posts"}],"about":[{"href":"https:\/\/tvc16.com\/portal\/wp-json\/wp\/v2\/types\/post"}],"author":[{"embeddable":true,"href":"https:\/\/tvc16.com\/portal\/wp-json\/wp\/v2\/users\/2"}],"replies":[{"embeddable":true,"href":"https:\/\/tvc16.com\/portal\/wp-json\/wp\/v2\/comments?post=20586"}],"version-history":[{"count":2,"href":"https:\/\/tvc16.com\/portal\/wp-json\/wp\/v2\/posts\/20586\/revisions"}],"predecessor-version":[{"id":20589,"href":"https:\/\/tvc16.com\/portal\/wp-json\/wp\/v2\/posts\/20586\/revisions\/20589"}],"wp:featuredmedia":[{"embeddable":true,"href":"https:\/\/tvc16.com\/portal\/wp-json\/wp\/v2\/media\/20587"}],"wp:attachment":[{"href":"https:\/\/tvc16.com\/portal\/wp-json\/wp\/v2\/media?parent=20586"}],"wp:term":[{"taxonomy":"category","embeddable":true,"href":"https:\/\/tvc16.com\/portal\/wp-json\/wp\/v2\/categories?post=20586"},{"taxonomy":"post_tag","embeddable":true,"href":"https:\/\/tvc16.com\/portal\/wp-json\/wp\/v2\/tags?post=20586"}],"curies":[{"name":"wp","href":"https:\/\/api.w.org\/{rel}","templated":true}]}}