{"id":20590,"date":"2021-09-08T12:12:31","date_gmt":"2021-09-08T15:12:31","guid":{"rendered":"https:\/\/tvc16.com\/portal\/?p=20590"},"modified":"2021-09-08T12:12:34","modified_gmt":"2021-09-08T15:12:34","slug":"igp-di-registra-queda-de-precos-de-014-em-agosto-diz-fgv","status":"publish","type":"post","link":"https:\/\/tvc16.com\/portal\/2021\/09\/08\/igp-di-registra-queda-de-precos-de-014-em-agosto-diz-fgv\/","title":{"rendered":"IGP-DI registra queda de pre\u00e7os de 0,14% em agosto, diz FGV"},"content":{"rendered":"\n<h3 class=\"wp-block-heading\">No m\u00eas anterior, o indicador havia registrado infla\u00e7\u00e3o de 1,45%<\/h3>\n\n\n\n<h4 class=\"wp-block-heading\">Por Vitor Abdala &#8211; Rep\u00f3rter da Ag\u00eancia Brasil &#8211; Rio de Janeiro<\/h4>\n\n\n\n<p>O \u00cdndice Geral de Pre\u00e7os \u2013 Disponibilidade Interna (IGP-DI), medido pela Funda\u00e7\u00e3o Getulio Vargas (FGV), registrou defla\u00e7\u00e3o (queda de pre\u00e7os) de 0,14% em agosto deste ano. No m\u00eas anterior, o indicador havia registrado infla\u00e7\u00e3o de 1,45%. J\u00e1 em agosto de 2020, a taxa havia sido de 3,87%.<img decoding=\"async\" src=\"https:\/\/agenciabrasil.ebc.com.br\/ebc.png?id=1421021&amp;o=node\"><img decoding=\"async\" src=\"https:\/\/agenciabrasil.ebc.com.br\/ebc.gif?id=1421021&amp;o=node\"><\/p>\n\n\n\n<p>Com o resultado de agosto deste ano, o IGP-DI acumula taxas de infla\u00e7\u00e3o de 15,75% no ano e de 28,21% em 12 meses.<\/p>\n\n\n\n<p>A queda da taxa de julho para agosto foi puxada principalmente pelos pre\u00e7os no atacado. O \u00cdndice de Pre\u00e7os ao Produtor Amplo (IPA) teve defla\u00e7\u00e3o de 0,42% em agosto, ante uma infla\u00e7\u00e3o de 1,65% em julho.<\/p>\n\n\n\n<p>O \u00cdndice de Pre\u00e7os ao Consumidor (IPC), que mede o varejo, e o \u00cdndice Nacional de Custo da Constru\u00e7\u00e3o (INCC) tamb\u00e9m tiveram queda na taxa, mas continuaram registrando infla\u00e7\u00e3o.<\/p>\n\n\n\n<p>O IPC recuou de 0,92% em julho para 0,71% em agosto. J\u00e1 o INCC caiu de 0,85% para 0,46% no per\u00edodo.<\/p>\n\n\n\n<p>Edi\u00e7\u00e3o: Val\u00e9ria Aguiar<\/p>\n","protected":false},"excerpt":{"rendered":"<p>No m\u00eas anterior, o indicador havia registrado infla\u00e7\u00e3o de 1,45% Por Vitor Abdala &#8211; Rep\u00f3rter<\/p>\n","protected":false},"author":2,"featured_media":20591,"comment_status":"open","ping_status":"open","sticky":false,"template":"","format":"standard","meta":{"footnotes":""},"categories":[17],"tags":[],"class_list":["post-20590","post","type-post","status-publish","format-standard","has-post-thumbnail","hentry","category-outras-noticias"],"_links":{"self":[{"href":"https:\/\/tvc16.com\/portal\/wp-json\/wp\/v2\/posts\/20590","targetHints":{"allow":["GET"]}}],"collection":[{"href":"https:\/\/tvc16.com\/portal\/wp-json\/wp\/v2\/posts"}],"about":[{"href":"https:\/\/tvc16.com\/portal\/wp-json\/wp\/v2\/types\/post"}],"author":[{"embeddable":true,"href":"https:\/\/tvc16.com\/portal\/wp-json\/wp\/v2\/users\/2"}],"replies":[{"embeddable":true,"href":"https:\/\/tvc16.com\/portal\/wp-json\/wp\/v2\/comments?post=20590"}],"version-history":[{"count":1,"href":"https:\/\/tvc16.com\/portal\/wp-json\/wp\/v2\/posts\/20590\/revisions"}],"predecessor-version":[{"id":20592,"href":"https:\/\/tvc16.com\/portal\/wp-json\/wp\/v2\/posts\/20590\/revisions\/20592"}],"wp:featuredmedia":[{"embeddable":true,"href":"https:\/\/tvc16.com\/portal\/wp-json\/wp\/v2\/media\/20591"}],"wp:attachment":[{"href":"https:\/\/tvc16.com\/portal\/wp-json\/wp\/v2\/media?parent=20590"}],"wp:term":[{"taxonomy":"category","embeddable":true,"href":"https:\/\/tvc16.com\/portal\/wp-json\/wp\/v2\/categories?post=20590"},{"taxonomy":"post_tag","embeddable":true,"href":"https:\/\/tvc16.com\/portal\/wp-json\/wp\/v2\/tags?post=20590"}],"curies":[{"name":"wp","href":"https:\/\/api.w.org\/{rel}","templated":true}]}}