{"id":20593,"date":"2021-09-08T12:15:35","date_gmt":"2021-09-08T15:15:35","guid":{"rendered":"https:\/\/tvc16.com\/portal\/?p=20593"},"modified":"2021-09-08T12:15:37","modified_gmt":"2021-09-08T15:15:37","slug":"forcas-antitalibas-pedem-que-novo-governo-nao-seja-reconhecido","status":"publish","type":"post","link":"https:\/\/tvc16.com\/portal\/2021\/09\/08\/forcas-antitalibas-pedem-que-novo-governo-nao-seja-reconhecido\/","title":{"rendered":"For\u00e7as antitalib\u00e3s pedem que novo governo n\u00e3o seja reconhecido"},"content":{"rendered":"\n<h3 class=\"wp-block-heading\">Combatentes afirmam que novo governo \u00e9 ilegal<\/h3>\n\n\n\n<ul class=\"wp-block-list\"><li>Por RTP &#8211; Cabul<\/li><\/ul>\n\n\n\n<p>As for\u00e7as antitalib\u00e3s no Afeganist\u00e3o pedem \u00e0 comunidade internacional para n\u00e3o reconhecer o&nbsp;<a href=\"https:\/\/agenciabrasil.ebc.com.br\/internacional\/noticia\/2021-09\/taliba-nomeia-novo-governo-afegao-em-meio-protestos-em-cabul\" target=\"_blank\" rel=\"noreferrer noopener\">novo governo anunciado<\/a>&nbsp;nessa&nbsp;ter\u00e7a-feira (7)&nbsp;pelo grupo extremista. O gabinete interino \u2013 que n\u00e3o tem mulheres e consiste inteiramente de l\u00edderes talib\u00e3s ou seus coligados &#8211; foi criticado pelos Estados Unidos (EUA).<img decoding=\"async\" src=\"https:\/\/agenciabrasil.ebc.com.br\/ebc.png?id=1421022&amp;o=node\"><img decoding=\"async\" src=\"https:\/\/agenciabrasil.ebc.com.br\/ebc.gif?id=1421022&amp;o=node\"><\/p>\n\n\n\n<p>Na prov\u00edncia de Panjshir, os combatentes que se op\u00f5em aos talib\u00e3s j\u00e1 afirmaram que o novo governo \u00e9 \u201cilegal\u201d.<\/p>\n\n\n\n<p>A Frente Nacional de Resist\u00eancia (NRF) considerou que o an\u00fancio de novo executivo liderado pelos talib\u00e3s \u00e9 \u201cclaro sinal de inimizade do grupo com o povo afeg\u00e3o\u201d.<\/p>\n\n\n\n<p>Apesar de o movimento isl\u00e2mico afirmar que j\u00e1 derrotou a NRF no Vale de Panjshir, ao norte de Cabul, os l\u00edderes da Frente de Resist\u00eancia Nacional dizem&nbsp;que ainda est\u00e3o lutando.<\/p>\n\n\n\n<p>Os talib\u00e3s, que assumiram o controle&nbsp;do Afeganist\u00e3o em uma ampla ofensiva h\u00e1 mais de tr\u00eas semanas, enfrentam agora muitos desafios num pa\u00eds que est\u00e1 dilacerado pelo conflito, incluindo a estabiliza\u00e7\u00e3o da economia e a obten\u00e7\u00e3o do reconhecimento internacional.<\/p>\n\n\n\n<p>Centenas de afeg\u00e3os se manifestaram&nbsp;ontem&nbsp;em pelo menos dois bairros de Cabul, denunciado a situa\u00e7\u00e3o no vale de Panjshir e a inger\u00eancia do Paquist\u00e3o, acusado de pretender controlar o pa\u00eds por meio&nbsp;dos talib\u00e3s, seus tradicionais aliados. O Paquist\u00e3o nega ter qualquer interfer\u00eancia no pa\u00eds vizinho.<\/p>\n\n\n\n<p>Entre os manifestantes inclu\u00edam-se numerosas mulheres, que receiam a sua exclus\u00e3o da vida p\u00fablica pelos talib\u00e3s&nbsp;como ocorreu&nbsp;em regime anterior regime, entre 1996 e 2001. Uma dessas mulheres levava a foto de uma policial que foi morta&nbsp;pelo movimento isl\u00e2mico.<\/p>\n\n\n\n<p>Os talib\u00e3s, que dispararam v\u00e1rios tiros para o ar, negam ter usado a viol\u00eancia para dispersar as manifesta\u00e7\u00f5es.<\/p>\n\n\n\n<p>Segundo a BBC, Washington afirmou em comunicado que \u201ccontinuar\u00e1 a exigir que os talib\u00e3s cumpram os seus compromissos de permitir a passagem segura de estrangeiros e de afeg\u00e3os com documentos de viagem, incluindo a permiss\u00e3o de voos prontos para partir do Afeganist\u00e3o\u201d.<\/p>\n\n\n\n<h2 class=\"wp-block-heading\">Listas negras<\/h2>\n\n\n\n<p>Os talib\u00e3s anunciaram ontem o governo provis\u00f3rio, composto por homens, alguns dos quais veteranos extremistas dos anos 90 e da guerra de 20 anos contra a coliga\u00e7\u00e3o internacional liderada pelos Estados Unidos.<\/p>\n\n\n\n<p>O governo interino \u00e9 liderado pelo mul\u00e1&nbsp;Mohammad Hassan Akhund, que est\u00e1 numa lista negra da Organiza\u00e7\u00e3o das Na\u00e7\u00f5es Uniudas.&nbsp;O&nbsp;ministro do Interior, Sirajuddin Haqqani, \u00e9 procurado pelo FBI, que oferece recompensa de 4&nbsp;milh\u00f5es de euros pela sua captura.<\/p>\n\n\n\n<p>O Departamento de Estado dos EUA afirma que est\u00e1 preocupado com \u201cas filia\u00e7\u00f5es hist\u00f3ricas de alguns membros do governo\u201d.<\/p>\n\n\n\n<p>&#8220;Notamos que a lista dos nomes anunciados \u00e9 exclusivamente composta por membros dos talib\u00e3s ou de aliados pr\u00f3ximos e nenhuma mulher&#8221;, declarou, em Doha, um porta-voz do Departamento de Estado norte-americano.<\/p>\n\n\n\n<p>&#8220;Estamos tamb\u00e9m preocupados com as liga\u00e7\u00f5es e os antecedentes de alguns desses indiv\u00edduos. No entanto, julgaremos os talib\u00e3s pelos atos e n\u00e3o pelas palavras&#8221;, acrescentou.<\/p>\n\n\n\n<p>Mohammad Hassan Akhund, o novo primeiro-ministro interino, foi ministro dos Neg\u00f3cios Estrangeiros de 1996 a 2001, quando os talib\u00e3s estiveram no poder pela \u00faltima vez. \u00c9 mais influente do lado religioso do movimento do que do lado militar.<\/p>\n\n\n\n<p>Sirajuddin Haqqani, o ministro do Interior em exerc\u00edcio, \u00e9 o chefe do grupo isl\u00e2mico conhecido como rede Haqqani, filiado aos talib\u00e3s, e que&nbsp;est\u00e1 por tr\u00e1s de alguns dos ataques mais mortais na guerra que dura h\u00e1 duas d\u00e9cadas no pa\u00eds&nbsp;\u2013 incluindo a explos\u00e3o de um caminh\u00e3o-bomba em Cabul em 2017, que provocou a morte de&nbsp;mais de 150 pessoas.<\/p>\n\n\n\n<p>Ao contr\u00e1rio dos talib\u00e3s, a rede Haqqani foi designada como organiza\u00e7\u00e3o terrorista pelos Estados Unidos&nbsp;e mant\u00e9m la\u00e7os estreitos com a Al Qaeda.<\/p>\n\n\n\n<p>Segundo o FBI, Sirajuddin Haqqani \u00e9 procurado para interrogat\u00f3rio devido a um ataque em 2008 a um hotel, que matou um cidad\u00e3o norte-americano, e respons\u00e1vel pelos ataques \u00e0s for\u00e7as norte-americanas no Afeganist\u00e3o.<\/p>\n\n\n\n<h2 class=\"wp-block-heading\">Sharia<\/h2>\n\n\n\n<p>O l\u00edder supremo dos talib\u00e3s, Hibatullah Akhundzada, cujas interven\u00e7\u00f5es p\u00fablicas s\u00e3o muito raras, pediu ao governo afeg\u00e3o anunciado pelos talib\u00e3s que respeite a lei &#8216;sharia&#8217; (sistema jur\u00eddico do Isl\u00e3&nbsp;com origem no Cor\u00e3o).<\/p>\n\n\n\n<p>&#8220;Garanto a todos os nossos concidad\u00e3os que os governantes trabalhar\u00e3o duramente para manter as regras isl\u00e2micas e a lei &#8216;sharia&#8217; no pa\u00eds&#8221;,&nbsp;disse Hibatullah Akhundzada&nbsp;em&nbsp;comunicado em ingl\u00eas, que constitui a sua primeira mensagem desde que os talib\u00e3s tomaram o poder no Afeganist\u00e3o, h\u00e1 mais de tr\u00eas semanas.<\/p>\n\n\n\n<p>O l\u00edder talib\u00e3, que n\u00e3o aparecia em p\u00fablico h\u00e1 muito tempo, acrescentou que o novo governo proceder\u00e1 de modo que haja \u201cpaz, prosperidade e desenvolvimento duradouro\u201d no pa\u00eds.<br><br>Em longa mensagem, Hibatullah Akhundzada disse ainda&nbsp;desejar \u201crela\u00e7\u00f5es fortes e s\u00e3s com os vizinhos do Afeganist\u00e3o e todos os outros pa\u00edses\u201d e garantiu que seu regime tomar\u00e1 \u201cmedidas fortes e eficazes para a prote\u00e7\u00e3o dos direitos humanos\u201d.<\/p>\n\n\n\n<p>Existe grande expectativa em rela\u00e7\u00e3o aos talib\u00e3s quanto a essa quest\u00e3o, ap\u00f3s um primeiro governo marcado por repetidas brutalidades contra as mulheres.<\/p>\n\n\n\n<p>O l\u00edder destacou a import\u00e2ncia da educa\u00e7\u00e3o, \u201cuma das primeiras necessidades do pa\u00eds\u201d. Assegurou que \u201ctodos os diplomatas estrangeiros, embaixadas, consulados, organiza\u00e7\u00f5es humanit\u00e1rias e investidores n\u00e3o ter\u00e3o qualquer problema\u201d no pa\u00eds.<\/p>\n\n\n\n<p>Nomeado para a lideran\u00e7a dos talib\u00e3s em maio de 2016, Hibatullah Akhundzada era, at\u00e9 ent\u00e3o, um desconhecido do grande p\u00fablico, mais envolvido nas quest\u00f5es judiciais e religiosas do que nas manobras pol\u00edticas.<\/p>\n","protected":false},"excerpt":{"rendered":"<p>Combatentes afirmam que novo governo \u00e9 ilegal Por RTP &#8211; Cabul As for\u00e7as antitalib\u00e3s no<\/p>\n","protected":false},"author":2,"featured_media":20594,"comment_status":"open","ping_status":"open","sticky":false,"template":"","format":"standard","meta":{"footnotes":""},"categories":[17],"tags":[],"class_list":["post-20593","post","type-post","status-publish","format-standard","has-post-thumbnail","hentry","category-outras-noticias"],"_links":{"self":[{"href":"https:\/\/tvc16.com\/portal\/wp-json\/wp\/v2\/posts\/20593","targetHints":{"allow":["GET"]}}],"collection":[{"href":"https:\/\/tvc16.com\/portal\/wp-json\/wp\/v2\/posts"}],"about":[{"href":"https:\/\/tvc16.com\/portal\/wp-json\/wp\/v2\/types\/post"}],"author":[{"embeddable":true,"href":"https:\/\/tvc16.com\/portal\/wp-json\/wp\/v2\/users\/2"}],"replies":[{"embeddable":true,"href":"https:\/\/tvc16.com\/portal\/wp-json\/wp\/v2\/comments?post=20593"}],"version-history":[{"count":1,"href":"https:\/\/tvc16.com\/portal\/wp-json\/wp\/v2\/posts\/20593\/revisions"}],"predecessor-version":[{"id":20595,"href":"https:\/\/tvc16.com\/portal\/wp-json\/wp\/v2\/posts\/20593\/revisions\/20595"}],"wp:featuredmedia":[{"embeddable":true,"href":"https:\/\/tvc16.com\/portal\/wp-json\/wp\/v2\/media\/20594"}],"wp:attachment":[{"href":"https:\/\/tvc16.com\/portal\/wp-json\/wp\/v2\/media?parent=20593"}],"wp:term":[{"taxonomy":"category","embeddable":true,"href":"https:\/\/tvc16.com\/portal\/wp-json\/wp\/v2\/categories?post=20593"},{"taxonomy":"post_tag","embeddable":true,"href":"https:\/\/tvc16.com\/portal\/wp-json\/wp\/v2\/tags?post=20593"}],"curies":[{"name":"wp","href":"https:\/\/api.w.org\/{rel}","templated":true}]}}