{"id":20596,"date":"2021-09-08T12:17:13","date_gmt":"2021-09-08T15:17:13","guid":{"rendered":"https:\/\/tvc16.com\/portal\/?p=20596"},"modified":"2021-09-08T12:17:16","modified_gmt":"2021-09-08T15:17:16","slug":"indicador-do-mercado-de-trabalho-da-fgv-sobe-09-ponto-e-chega-a-901","status":"publish","type":"post","link":"https:\/\/tvc16.com\/portal\/2021\/09\/08\/indicador-do-mercado-de-trabalho-da-fgv-sobe-09-ponto-e-chega-a-901\/","title":{"rendered":"Indicador do mercado de trabalho da FGV sobe 0,9 ponto e chega a 90,1"},"content":{"rendered":"\n<h3 class=\"wp-block-heading\">Resultado \u00e9 o melhor desde fevereiro de 2020, per\u00edodo pr\u00e9-pandemia<\/h3>\n\n\n\n<h4 class=\"wp-block-heading\">Por Vitor Abdala &#8211; Rep\u00f3rter da Ag\u00eancia Brasil &#8211; Rio de Janeiro<\/h4>\n\n\n\n<p>O Indicador Antecedente de Emprego (IAEmp), medido pela Funda\u00e7\u00e3o Getulio Vargas (FGV), subiu 0,9 ponto em agosto e chegou a 90,1 pontos. Esse \u00e9 o maior n\u00edvel desde fevereiro de 2020 (92 pontos), ou seja, per\u00edodo pr\u00e9-pandemia no Brasil.<img decoding=\"async\" src=\"https:\/\/agenciabrasil.ebc.com.br\/ebc.png?id=1421024&amp;o=node\"><img decoding=\"async\" src=\"https:\/\/agenciabrasil.ebc.com.br\/ebc.gif?id=1421024&amp;o=node\"><\/p>\n\n\n\n<p>\u201cO IAEmp avan\u00e7a pelo quinto m\u00eas consecutivo e se aproxima do n\u00edvel pr\u00e9 pandemia. Ap\u00f3s o impacto da segunda onda de covid, o movimento iniciado de flexibiliza\u00e7\u00e3o desde ent\u00e3o parecem ter contribu\u00eddo para a retomada do mercado de trabalho. O resultado mais t\u00edmido do indicador nesse m\u00eas sugere que essa recupera\u00e7\u00e3o ainda deve ser gradual. O controle da pandemia e a melhora do setor de servi\u00e7os, setor que mais emprega, s\u00e3o fundamentais para a continuidade desse cen\u00e1rio positivo\u201d, disse o economista da FGV Rodolpho Tobler.<\/p>\n\n\n\n<p>O IAEmp, medido com base em entrevistas com consumidores e empres\u00e1rios da ind\u00fastria e dos servi\u00e7os, busca antecipar tend\u00eancias do mercado de trabalho no pa\u00eds. Dos sete componentes do IAEmp, a situa\u00e7\u00e3o corrente dos servi\u00e7os foi a que mais contribuiu para a alta do \u00edndice,&nbsp;com um avan\u00e7o de 7,4 pontos.<\/p>\n\n\n\n<p>Edi\u00e7\u00e3o: Denise Griesinger<\/p>\n","protected":false},"excerpt":{"rendered":"<p>Resultado \u00e9 o melhor desde fevereiro de 2020, per\u00edodo pr\u00e9-pandemia Por Vitor Abdala &#8211; Rep\u00f3rter<\/p>\n","protected":false},"author":2,"featured_media":20597,"comment_status":"open","ping_status":"open","sticky":false,"template":"","format":"standard","meta":{"footnotes":""},"categories":[17],"tags":[],"class_list":["post-20596","post","type-post","status-publish","format-standard","has-post-thumbnail","hentry","category-outras-noticias"],"_links":{"self":[{"href":"https:\/\/tvc16.com\/portal\/wp-json\/wp\/v2\/posts\/20596","targetHints":{"allow":["GET"]}}],"collection":[{"href":"https:\/\/tvc16.com\/portal\/wp-json\/wp\/v2\/posts"}],"about":[{"href":"https:\/\/tvc16.com\/portal\/wp-json\/wp\/v2\/types\/post"}],"author":[{"embeddable":true,"href":"https:\/\/tvc16.com\/portal\/wp-json\/wp\/v2\/users\/2"}],"replies":[{"embeddable":true,"href":"https:\/\/tvc16.com\/portal\/wp-json\/wp\/v2\/comments?post=20596"}],"version-history":[{"count":1,"href":"https:\/\/tvc16.com\/portal\/wp-json\/wp\/v2\/posts\/20596\/revisions"}],"predecessor-version":[{"id":20598,"href":"https:\/\/tvc16.com\/portal\/wp-json\/wp\/v2\/posts\/20596\/revisions\/20598"}],"wp:featuredmedia":[{"embeddable":true,"href":"https:\/\/tvc16.com\/portal\/wp-json\/wp\/v2\/media\/20597"}],"wp:attachment":[{"href":"https:\/\/tvc16.com\/portal\/wp-json\/wp\/v2\/media?parent=20596"}],"wp:term":[{"taxonomy":"category","embeddable":true,"href":"https:\/\/tvc16.com\/portal\/wp-json\/wp\/v2\/categories?post=20596"},{"taxonomy":"post_tag","embeddable":true,"href":"https:\/\/tvc16.com\/portal\/wp-json\/wp\/v2\/tags?post=20596"}],"curies":[{"name":"wp","href":"https:\/\/api.w.org\/{rel}","templated":true}]}}