{"id":20602,"date":"2021-09-08T12:22:10","date_gmt":"2021-09-08T15:22:10","guid":{"rendered":"https:\/\/tvc16.com\/portal\/?p=20602"},"modified":"2021-09-08T12:22:13","modified_gmt":"2021-09-08T15:22:13","slug":"em-mudanca-historica-suprema-corte-do-mexico-descriminaliza-aborto","status":"publish","type":"post","link":"https:\/\/tvc16.com\/portal\/2021\/09\/08\/em-mudanca-historica-suprema-corte-do-mexico-descriminaliza-aborto\/","title":{"rendered":"Em mudan\u00e7a hist\u00f3rica, Suprema Corte do M\u00e9xico descriminaliza aborto"},"content":{"rendered":"\n<h3 class=\"wp-block-heading\">Decis\u00e3o foi tomada por unanimidade<\/h3>\n\n\n\n<h4 class=\"wp-block-heading\">Por Lizbeth Diaz &#8211; Rep\u00f3rter da Reuters &#8211; Cidade do M\u00e9xico<\/h4>\n\n\n\n<p>A Suprema Corte do M\u00e9xico decidiu por unanimidade, nessa ter\u00e7a-feira (7), que punir o aborto \u00e9 inconstitucional, uma vit\u00f3ria para defensores de direitos das mulheres e direitos humanos, no&nbsp;momento em que os Estados Unidos (EUA) acabam de aprovar leis mais duras contra a pr\u00e1tica.&nbsp;<img decoding=\"async\" src=\"https:\/\/agenciabrasil.ebc.com.br\/ebc.png?id=1421027&amp;o=node\"><img decoding=\"async\" src=\"https:\/\/agenciabrasil.ebc.com.br\/ebc.gif?id=1421027&amp;o=node\"><\/p>\n\n\n\n<p>A decis\u00e3o no pa\u00eds, de maioria cat\u00f3lica, vem na esteira de medidas para descriminalizar o aborto em&nbsp;n\u00edvel estadual, embora a maior parte do pa\u00eds ainda tenha leis duras em vigor contra mulheres que interrompem a gravidez.&nbsp;<\/p>\n\n\n\n<p>&#8220;Este&nbsp;um passo hist\u00f3rico para os direitos das mulheres&#8221;, disse o ministro da Suprema Corte Luis Maria Aguilar.&nbsp;<\/p>\n\n\n\n<p>Uma s\u00e9rie de estados norte-americanos aprovaram medidas recentemente para restringir o acesso ao aborto. Na semana passada,&nbsp;o Texas aprovou a lei antiaborto mais dura do pa\u00eds, depois que a Suprema Corte dos EUA se recusou a intervir.&nbsp;<\/p>\n\n\n\n<p>A decis\u00e3o mexicana abre as portas para a possibilidade de liberta\u00e7\u00e3o de mulheres encarceradas por terem realizado abortos. Tamb\u00e9m pode levar mulheres de&nbsp;estados norte-americanos como o Texas a decidirem viajar para o sul da fronteira para realizar a pr\u00e1tica.<\/p>\n","protected":false},"excerpt":{"rendered":"<p>Decis\u00e3o foi tomada por unanimidade Por Lizbeth Diaz &#8211; Rep\u00f3rter da Reuters &#8211; Cidade do<\/p>\n","protected":false},"author":2,"featured_media":20603,"comment_status":"open","ping_status":"open","sticky":false,"template":"","format":"standard","meta":{"footnotes":""},"categories":[17],"tags":[],"class_list":["post-20602","post","type-post","status-publish","format-standard","has-post-thumbnail","hentry","category-outras-noticias"],"_links":{"self":[{"href":"https:\/\/tvc16.com\/portal\/wp-json\/wp\/v2\/posts\/20602","targetHints":{"allow":["GET"]}}],"collection":[{"href":"https:\/\/tvc16.com\/portal\/wp-json\/wp\/v2\/posts"}],"about":[{"href":"https:\/\/tvc16.com\/portal\/wp-json\/wp\/v2\/types\/post"}],"author":[{"embeddable":true,"href":"https:\/\/tvc16.com\/portal\/wp-json\/wp\/v2\/users\/2"}],"replies":[{"embeddable":true,"href":"https:\/\/tvc16.com\/portal\/wp-json\/wp\/v2\/comments?post=20602"}],"version-history":[{"count":1,"href":"https:\/\/tvc16.com\/portal\/wp-json\/wp\/v2\/posts\/20602\/revisions"}],"predecessor-version":[{"id":20604,"href":"https:\/\/tvc16.com\/portal\/wp-json\/wp\/v2\/posts\/20602\/revisions\/20604"}],"wp:featuredmedia":[{"embeddable":true,"href":"https:\/\/tvc16.com\/portal\/wp-json\/wp\/v2\/media\/20603"}],"wp:attachment":[{"href":"https:\/\/tvc16.com\/portal\/wp-json\/wp\/v2\/media?parent=20602"}],"wp:term":[{"taxonomy":"category","embeddable":true,"href":"https:\/\/tvc16.com\/portal\/wp-json\/wp\/v2\/categories?post=20602"},{"taxonomy":"post_tag","embeddable":true,"href":"https:\/\/tvc16.com\/portal\/wp-json\/wp\/v2\/tags?post=20602"}],"curies":[{"name":"wp","href":"https:\/\/api.w.org\/{rel}","templated":true}]}}