{"id":20605,"date":"2021-09-08T12:23:14","date_gmt":"2021-09-08T15:23:14","guid":{"rendered":"https:\/\/tvc16.com\/portal\/?p=20605"},"modified":"2021-09-08T12:23:16","modified_gmt":"2021-09-08T15:23:16","slug":"artes-visuais-alem-das-galerias-sera-o-tema-do-imc-nas-redes","status":"publish","type":"post","link":"https:\/\/tvc16.com\/portal\/2021\/09\/08\/artes-visuais-alem-das-galerias-sera-o-tema-do-imc-nas-redes\/","title":{"rendered":"Artes Visuais al\u00e9m das galerias ser\u00e1 o tema do IMC nas Redes"},"content":{"rendered":"\n<p>O &#8220;IMC nas Redes \u2013 Conversas Culturais&#8221; de hoje (08\/09) ter\u00e1 como tema Artes Visuais al\u00e9m das galerias . O encontro virtual ser\u00e1 transmitido nas redes sociais da prefeitura (Facebook e Youtube), \u00e0s 19h, com a participa\u00e7\u00e3o de Anderson Campos, M\u00e1rcia Garcia, Let\u00edcia Fliess e Luiz Henrique Almeida. A mediadora da roda de conversa on-line ser\u00e1 Ana Castro, produtora cultural e funcion\u00e1ria do Instituto Municipal de Cultura (IMC).<\/p>\n\n\n\n<p>Anderson Campos \u00e9 historiador, guia nacional e regional de turismo, al\u00e9m de educador ambiental. Atualmente trabalha na Secretaria de Meio Ambiente como assessor do Parque Natural. J\u00e1 Let\u00edcia Fliess \u00e9 advogada de profiss\u00e3o e montanhista de cora\u00e7\u00e3o, como ela descreve. Praticante de trekking h\u00e1 mais de 10 anos e escaladora formada em 2018 pelo Centro Excursionista Petropolitano, do qual \u00e9 a atual presidente.<\/p>\n\n\n\n<p>M\u00e1rcia Garcia \u00e9 guia de atrativos naturais credenciada pelo Minist\u00e9rio do Turismo, al\u00e9m de ser formada em turismo e hotelaria. Luiz Henrique Almeida, professor de educa\u00e7\u00e3o f\u00edsica, \u00e9 treinador de corridas de rua\/trail, trilhas e montanhas. Atleta federado pela CBAT (Confedera\u00e7\u00e3o Brasileira de Atletismo) e ultramaratonista.<\/p>\n","protected":false},"excerpt":{"rendered":"<p>O &#8220;IMC nas Redes \u2013 Conversas Culturais&#8221; de hoje (08\/09) ter\u00e1 como tema Artes Visuais<\/p>\n","protected":false},"author":2,"featured_media":20606,"comment_status":"open","ping_status":"open","sticky":false,"template":"","format":"standard","meta":{"footnotes":""},"categories":[12],"tags":[],"class_list":["post-20605","post","type-post","status-publish","format-standard","has-post-thumbnail","hentry","category-cidade"],"_links":{"self":[{"href":"https:\/\/tvc16.com\/portal\/wp-json\/wp\/v2\/posts\/20605","targetHints":{"allow":["GET"]}}],"collection":[{"href":"https:\/\/tvc16.com\/portal\/wp-json\/wp\/v2\/posts"}],"about":[{"href":"https:\/\/tvc16.com\/portal\/wp-json\/wp\/v2\/types\/post"}],"author":[{"embeddable":true,"href":"https:\/\/tvc16.com\/portal\/wp-json\/wp\/v2\/users\/2"}],"replies":[{"embeddable":true,"href":"https:\/\/tvc16.com\/portal\/wp-json\/wp\/v2\/comments?post=20605"}],"version-history":[{"count":1,"href":"https:\/\/tvc16.com\/portal\/wp-json\/wp\/v2\/posts\/20605\/revisions"}],"predecessor-version":[{"id":20607,"href":"https:\/\/tvc16.com\/portal\/wp-json\/wp\/v2\/posts\/20605\/revisions\/20607"}],"wp:featuredmedia":[{"embeddable":true,"href":"https:\/\/tvc16.com\/portal\/wp-json\/wp\/v2\/media\/20606"}],"wp:attachment":[{"href":"https:\/\/tvc16.com\/portal\/wp-json\/wp\/v2\/media?parent=20605"}],"wp:term":[{"taxonomy":"category","embeddable":true,"href":"https:\/\/tvc16.com\/portal\/wp-json\/wp\/v2\/categories?post=20605"},{"taxonomy":"post_tag","embeddable":true,"href":"https:\/\/tvc16.com\/portal\/wp-json\/wp\/v2\/tags?post=20605"}],"curies":[{"name":"wp","href":"https:\/\/api.w.org\/{rel}","templated":true}]}}