{"id":20611,"date":"2021-09-08T12:25:20","date_gmt":"2021-09-08T15:25:20","guid":{"rendered":"https:\/\/tvc16.com\/portal\/?p=20611"},"modified":"2021-09-08T12:25:22","modified_gmt":"2021-09-08T15:25:22","slug":"comeca-em-paris-julgamento-de-acusados-de-ataques-terroristas-de-2015","status":"publish","type":"post","link":"https:\/\/tvc16.com\/portal\/2021\/09\/08\/comeca-em-paris-julgamento-de-acusados-de-ataques-terroristas-de-2015\/","title":{"rendered":"Come\u00e7a em Paris julgamento de acusados de ataques terroristas de 2015"},"content":{"rendered":"\n<h3 class=\"wp-block-heading\">Atentados deixaram 130 mortos e mais de 400 feridos<\/h3>\n\n\n\n<h4 class=\"wp-block-heading\">Por Ag\u00eancia Brasil* &#8211; Bras\u00edlia<\/h4>\n\n\n\n<p>Quatorze r\u00e9us come\u00e7am a ser julgados hoje (8)&nbsp;no tribunal de Paris, na Ile de la Cite, pelos ataques terroristas de 2015, que causaram a morte de 130 pessoas e deixaram mais&nbsp;de 400 feridas. Julgamentos devem durar at\u00e9 25 de maio de 2022.<img decoding=\"async\" src=\"https:\/\/agenciabrasil.ebc.com.br\/ebc.png?id=1421031&amp;o=node\"><img decoding=\"async\" src=\"https:\/\/agenciabrasil.ebc.com.br\/ebc.gif?id=1421031&amp;o=node\"><\/p>\n\n\n\n<p>As audi\u00eancias contar\u00e3o com quase 1.800 testemunhas civis, mais de 300 advogados e centenas de jornalistas. O in\u00edcio do julgamento levou&nbsp;hoje \u00e0 porta do Pal\u00e1cio de Justi\u00e7a, na capital francesa, um grande dispositivo de seguran\u00e7a&nbsp;que chamou&nbsp;a aten\u00e7\u00e3o de turistas e parisienses.<\/p>\n\n\n\n<p>&#8220;Sab\u00edamos que come\u00e7ava hoje o processo porque vimos nas not\u00edcias. Estamos em visita a Paris&nbsp;e viemos ver o aparato \u00e0 volta deste julgamento. Os atentados foram um momento muito assustador. E depois aconteceram os ataques em Bruxelas e tudo estava ligado&#8221;, afirmou&nbsp;Chris, da B\u00e9lgica, que passa uma semana de f\u00e9rias com a fam\u00edlia em Paris.&nbsp;<\/p>\n\n\n\n<p>Como a fam\u00edlia belga, dezenas de pessoas reuniram-se hoje na pra\u00e7a em frente ao Pal\u00e1cio de Justi\u00e7a de Paris, para ver o aparato montado no in\u00edcio do maior julgamento de todos os tempos na hist\u00f3ria francesa.&nbsp;<\/p>\n\n\n\n<p>A seguran\u00e7a no hist\u00f3rico edif\u00edcio, que inclui&nbsp;a Saint-Chapelle, uma das maiores atra\u00e7\u00f5es da capital, foi refor\u00e7ada com dezenas de ve\u00edculos&nbsp;da pol\u00edcia e ruas fechadas, mas a entrada no tribunal era feita&nbsp;de forma ordeira.&nbsp;<\/p>\n\n\n\n<p>Sylvia fazia o seu passeio matinal de bicicleta quando se deparou com a rua fechada. Instalado no cora\u00e7\u00e3o de Paris, o Pal\u00e1cio de Justi\u00e7a localiza-se num ponto nevr\u00e1lgico da cidade, junto \u00e0 Catedral de Notre-Dame, ligando a margem direita \u00e0 margem esquerda do Sena.<\/p>\n\n\n\n<p>&#8220;\u00c9 algo muito presente na&nbsp;nossa&nbsp;vida, especialmente porque j\u00e1 aconteceram tantos outros ataques depois desse, que \u00e9 algo com que convivemos todos os dias. E, infelizmente, n\u00e3o acho que&nbsp;tenha chegado ao fim&#8221;, lamentou Sylvia.<\/p>\n\n\n\n<p>A advogada, que deixou os tribunais para se dedicar \u00e0 academia, considera que este&nbsp;processo &#8220;faz sentido&#8221;, assim como a infraestrutura criada para&nbsp;o julgamento, que vai durar at\u00e9 maio.<\/p>\n\n\n\n<p>&#8220;Sou advogada, portanto \u00e9 claro que acho que este julgamento faz sentido. As autoridades deram uma dimens\u00e3o enorme a este julgamento e eventualmente isso d\u00e1 peso e relev\u00e2ncia a tudo que se passou&#8221;, afirmou.<\/p>\n\n\n\n<p>&#8220;N\u00e3o sei se h\u00e1 justi\u00e7a, j\u00e1 que as pessoas morreram e n\u00e3o t\u00eam a&nbsp;sua&nbsp;vida&nbsp;de volta. O que \u00e9 a justi\u00e7a nesse caso? Foi tudo t\u00e3o traum\u00e1tico. A \u00fanica solu\u00e7\u00e3o \u00e9 pris\u00e3o perp\u00e9tua para quem fez isso&#8221;, declarou Charlotte, que passava no local a caminho do trabalho.<\/p>\n\n\n\n<p>Esta \u00e9 uma das op\u00e7\u00f5es para Salah Abdeslam,&nbsp;o \u00fanico terrorista que participou ativamente do atentado e sobreviveu, e que vai estar presente na sala de audi\u00eancia durante todo o julgamento. Ao seu lado mais 13 condenados, havendo ainda seis pessoas que ser\u00e3o julgadas apesar de serem&nbsp;parte incerta.<\/p>\n\n\n\n<p>Os primeiros dias da audi\u00eancia v\u00e3o servir para enumerar as v\u00edtimas, perto de 1.800. Os primeiros testemunhos v\u00e3o ser ouvidos a partir de dia 13 de setembro e as v\u00edtimas come\u00e7am a ser ouvidas no dia&nbsp;28. Durante cinco semanas, as pessoas atingidas&nbsp;diretamente pelos atentados v\u00e3o contar o terror vivido no Stade de France, no Bataclan e nos caf\u00e9s do 11\u00ba bairro.<\/p>\n\n\n\n<p><em>* Com informa\u00e7\u00f5es da RTP &#8211; R\u00e1dio e Televis\u00e3o de Portugal<\/em><\/p>\n","protected":false},"excerpt":{"rendered":"<p>Atentados deixaram 130 mortos e mais de 400 feridos Por Ag\u00eancia Brasil* &#8211; Bras\u00edlia Quatorze<\/p>\n","protected":false},"author":2,"featured_media":20612,"comment_status":"open","ping_status":"open","sticky":false,"template":"","format":"standard","meta":{"footnotes":""},"categories":[17],"tags":[],"class_list":["post-20611","post","type-post","status-publish","format-standard","has-post-thumbnail","hentry","category-outras-noticias"],"_links":{"self":[{"href":"https:\/\/tvc16.com\/portal\/wp-json\/wp\/v2\/posts\/20611","targetHints":{"allow":["GET"]}}],"collection":[{"href":"https:\/\/tvc16.com\/portal\/wp-json\/wp\/v2\/posts"}],"about":[{"href":"https:\/\/tvc16.com\/portal\/wp-json\/wp\/v2\/types\/post"}],"author":[{"embeddable":true,"href":"https:\/\/tvc16.com\/portal\/wp-json\/wp\/v2\/users\/2"}],"replies":[{"embeddable":true,"href":"https:\/\/tvc16.com\/portal\/wp-json\/wp\/v2\/comments?post=20611"}],"version-history":[{"count":1,"href":"https:\/\/tvc16.com\/portal\/wp-json\/wp\/v2\/posts\/20611\/revisions"}],"predecessor-version":[{"id":20613,"href":"https:\/\/tvc16.com\/portal\/wp-json\/wp\/v2\/posts\/20611\/revisions\/20613"}],"wp:featuredmedia":[{"embeddable":true,"href":"https:\/\/tvc16.com\/portal\/wp-json\/wp\/v2\/media\/20612"}],"wp:attachment":[{"href":"https:\/\/tvc16.com\/portal\/wp-json\/wp\/v2\/media?parent=20611"}],"wp:term":[{"taxonomy":"category","embeddable":true,"href":"https:\/\/tvc16.com\/portal\/wp-json\/wp\/v2\/categories?post=20611"},{"taxonomy":"post_tag","embeddable":true,"href":"https:\/\/tvc16.com\/portal\/wp-json\/wp\/v2\/tags?post=20611"}],"curies":[{"name":"wp","href":"https:\/\/api.w.org\/{rel}","templated":true}]}}