{"id":20617,"date":"2021-09-08T12:28:02","date_gmt":"2021-09-08T15:28:02","guid":{"rendered":"https:\/\/tvc16.com\/portal\/?p=20617"},"modified":"2021-09-08T12:28:04","modified_gmt":"2021-09-08T15:28:04","slug":"apos-liberacao-de-publico-no-rj-cbf-fara-reuniao-sobre-o-assunto","status":"publish","type":"post","link":"https:\/\/tvc16.com\/portal\/2021\/09\/08\/apos-liberacao-de-publico-no-rj-cbf-fara-reuniao-sobre-o-assunto\/","title":{"rendered":"Ap\u00f3s libera\u00e7\u00e3o de p\u00fablico no RJ, CBF far\u00e1 reuni\u00e3o sobre o assunto"},"content":{"rendered":"\n<h3 class=\"wp-block-heading\">A prefeitura permitiu o retorno gradual de p\u00fablico nos est\u00e1dios<\/h3>\n\n\n\n<h4 class=\"wp-block-heading\">Por Rafael Monteiro &#8211; Rep\u00f3rter da Ag\u00eancia Brasil &#8211; Rio de Janeiro<\/h4>\n\n\n\n<p>A Confedera\u00e7\u00e3o Brasileira de Futebol (CBF) far\u00e1 nesta quarta-feira (8) uma reuni\u00e3o extraordin\u00e1ria do Conselho T\u00e9cnico que debater\u00e1, entre outros assuntos, o retorno de p\u00fablico nos est\u00e1dios em competi\u00e7\u00f5es nacionais. O encontro vai acontecer ap\u00f3s a Prefeitura do Rio de Janeiro liberar, de forma gradativa, a presen\u00e7a da torcida a partir do dia 15 de setembro, quando o Maracan\u00e3 ter\u00e1 Flamengo e Gr\u00eamio pelas quartas de final da Copa do Brasil.<img decoding=\"async\" src=\"https:\/\/agenciabrasil.ebc.com.br\/ebc.png?id=1421033&amp;o=node\"><img decoding=\"async\" src=\"https:\/\/agenciabrasil.ebc.com.br\/ebc.gif?id=1421033&amp;o=node\"><\/p>\n\n\n\n<p>Apesar da libera\u00e7\u00e3o efetuada pela prefeitura, em princ\u00edpio, os clubes precisam aprovar o retorno de p\u00fablico por meio de conselhos t\u00e9cnicos organizados pela entidade m\u00e1xima do futebol.<\/p>\n\n\n\n<p>Al\u00e9m disso, este confronto em 15 de setembro \u00e9 v\u00e1lido pela Copa do Brasil, competi\u00e7\u00e3o de formato mata-mata, neste caso, o protocolo da CBF n\u00e3o permitiria a reabertura dos port\u00f5es para o p\u00fablico, tendo em vista que o jogo de ida, que aconteceu no m\u00eas passado em Porto Alegre, o mandante n\u00e3o p\u00f4de contar com torcedores. Estas quest\u00f5es ser\u00e3o debatidas no Conselho T\u00e9cnico da CBF.<\/p>\n\n\n\n<p>Ainda sobre a decis\u00e3o da prefeitura, ficou definido que tr\u00eas eventos-teste ser\u00e3o realizados na cidade e cada um contar\u00e1 com aumento de p\u00fablico gradualmente. Flamengo e Gr\u00eamio (Copa do Brasil \u2013 15\/09) poder\u00e1 contar com 35% da capacidade do est\u00e1dio. Em 19 de setembro, teremos Flamengo e Gr\u00eamio pelo Campeonato Brasileiro e neste confronto ser\u00e1 permitido a presen\u00e7a de 40% da acomoda\u00e7\u00e3o. E no terceiro evento-teste, Flamengo e Barcelona de Guayaquil (Libertadores), teremos a possibilidade de 50% de torcida no interior do est\u00e1dio, em 22 de setembro. Todos os tr\u00eas duelos ser\u00e3o disputados no Maracan\u00e3.<\/p>\n\n\n\n<p>Para que os torcedores possam entrar no est\u00e1dio, eles ter\u00e3o que se cadastrar em um sistema&nbsp;<em>online<\/em>, onde dever\u00e3o inserir o comprovante de vacina\u00e7\u00e3o e teste RT-PCR ou ant\u00edgeno para covid-19 com at\u00e9 48 horas de anteced\u00eancia do jogo, em laborat\u00f3rio credenciado pelo Flamengo. Somente se o exame der negativo, a compra poder\u00e1 ser efetuada.<\/p>\n\n\n\n<p>Durante a partida, os torcedores dever\u00e3o manter distanciamento social de 1 metro em planos de assentos dispon\u00edveis, al\u00e9m de fazer o uso de m\u00e1scaras. A Secretaria Municipal de Sa\u00fade ainda far\u00e1 o acompanhamento dos espectadores por 15 dias ap\u00f3s o jogo, a partir dos dados informados pelo laborat\u00f3rio.<\/p>\n\n\n\n<p>A Prefeitura ainda diz que \u201co planejamento e monitoramento operacional nas proximidades e entrada do est\u00e1dio no dia dos jogos, bem como a comunica\u00e7\u00e3o aos torcedores quanto \u00e0 necessidade de cumprimento a c\u00f3digos de conduta sanit\u00e1ria, ser\u00e3o de compet\u00eancia do organizador.\u201d<\/p>\n\n\n\n<p>Edi\u00e7\u00e3o: Val\u00e9ria Aguiar<\/p>\n","protected":false},"excerpt":{"rendered":"<p>A prefeitura permitiu o retorno gradual de p\u00fablico nos est\u00e1dios Por Rafael Monteiro &#8211; Rep\u00f3rter<\/p>\n","protected":false},"author":2,"featured_media":20618,"comment_status":"open","ping_status":"open","sticky":false,"template":"","format":"standard","meta":{"footnotes":""},"categories":[17],"tags":[],"class_list":["post-20617","post","type-post","status-publish","format-standard","has-post-thumbnail","hentry","category-outras-noticias"],"_links":{"self":[{"href":"https:\/\/tvc16.com\/portal\/wp-json\/wp\/v2\/posts\/20617","targetHints":{"allow":["GET"]}}],"collection":[{"href":"https:\/\/tvc16.com\/portal\/wp-json\/wp\/v2\/posts"}],"about":[{"href":"https:\/\/tvc16.com\/portal\/wp-json\/wp\/v2\/types\/post"}],"author":[{"embeddable":true,"href":"https:\/\/tvc16.com\/portal\/wp-json\/wp\/v2\/users\/2"}],"replies":[{"embeddable":true,"href":"https:\/\/tvc16.com\/portal\/wp-json\/wp\/v2\/comments?post=20617"}],"version-history":[{"count":1,"href":"https:\/\/tvc16.com\/portal\/wp-json\/wp\/v2\/posts\/20617\/revisions"}],"predecessor-version":[{"id":20619,"href":"https:\/\/tvc16.com\/portal\/wp-json\/wp\/v2\/posts\/20617\/revisions\/20619"}],"wp:featuredmedia":[{"embeddable":true,"href":"https:\/\/tvc16.com\/portal\/wp-json\/wp\/v2\/media\/20618"}],"wp:attachment":[{"href":"https:\/\/tvc16.com\/portal\/wp-json\/wp\/v2\/media?parent=20617"}],"wp:term":[{"taxonomy":"category","embeddable":true,"href":"https:\/\/tvc16.com\/portal\/wp-json\/wp\/v2\/categories?post=20617"},{"taxonomy":"post_tag","embeddable":true,"href":"https:\/\/tvc16.com\/portal\/wp-json\/wp\/v2\/tags?post=20617"}],"curies":[{"name":"wp","href":"https:\/\/api.w.org\/{rel}","templated":true}]}}