{"id":20620,"date":"2021-09-08T12:29:04","date_gmt":"2021-09-08T15:29:04","guid":{"rendered":"https:\/\/tvc16.com\/portal\/?p=20620"},"modified":"2021-09-08T12:29:07","modified_gmt":"2021-09-08T15:29:07","slug":"pandemia-gera-queda-de-matriculas-de-refugiados","status":"publish","type":"post","link":"https:\/\/tvc16.com\/portal\/2021\/09\/08\/pandemia-gera-queda-de-matriculas-de-refugiados\/","title":{"rendered":"Pandemia gera queda de matr\u00edculas de refugiados"},"content":{"rendered":"\n<h3 class=\"wp-block-heading\">Dados foram coletados pela Acnur em 40 pa\u00edses<\/h3>\n\n\n\n<h4 class=\"wp-block-heading\">Por Karine Melo &#8211; Rep\u00f3rter da Ag\u00eancia Brasil &#8211; Bras\u00edlia<\/h4>\n\n\n\n<p>Os&nbsp;n\u00edveis de acesso \u00e0 educa\u00e7\u00e3o entre refugiados sofreram queda durante a&nbsp;pandemia de&nbsp;covid-19.&nbsp;A constata\u00e7\u00e3o \u00e9 da&nbsp;Ag\u00eancia da&nbsp;Organiza\u00e7\u00e3o das Na\u00e7\u00f5es Unidas&nbsp;para Refugiados (Acnur), que&nbsp;chama a aten\u00e7\u00e3o para a necessidade de um esfor\u00e7o internacional a fim de&nbsp;garantir o acesso \u00e0 educa\u00e7\u00e3o secund\u00e1ria para crian\u00e7as e jovens refugiados.<img decoding=\"async\" src=\"https:\/\/agenciabrasil.ebc.com.br\/ebc.png?id=1421036&amp;o=node\"><img decoding=\"async\" src=\"https:\/\/agenciabrasil.ebc.com.br\/ebc.gif?id=1421036&amp;o=node\"><\/p>\n\n\n\n<p>De acordo com os dados coletados pela&nbsp;Acnur&nbsp;em 40 pa\u00edses, a taxa bruta de matr\u00edcula para jovens refugiados no n\u00edvel secund\u00e1rio, entre 2019 e 2020, foi de apenas 34%. Em quase todos os pa\u00edses, a taxa \u00e9 inferior \u00e0 das crian\u00e7as das comunidades de acolhida.&nbsp;O&nbsp;ensino secund\u00e1rio,&nbsp;entre&nbsp;o 6\u00ba ano do ensino fundamental at\u00e9 o 3\u00ba ano do ensino m\u00e9dio, deve ser um momento de crescimento, desenvolvimento e oportunidades.&nbsp;Segundo a ag\u00eancia, esse per\u00edodo aumenta as perspectivas de emprego, sa\u00fade, independ\u00eancia e lideran\u00e7a de jovens em situa\u00e7\u00e3o de vulnerabilidade e os torna menos suscet\u00edveis a serem inseridos em cen\u00e1rios de trabalho infantil.<\/p>\n\n\n\n<p>\u00c9 prov\u00e1vel,&nbsp;segundo a Acnur,&nbsp;que a pandemia tenha prejudicado ainda mais as oportunidades dos refugiados. Na avalia\u00e7\u00e3o da ag\u00eancia da ONU, a covid-19 tem sido prejudicial para todas as crian\u00e7as, mas para jovens refugiados, que j\u00e1 enfrentam obst\u00e1culos significativos de acesso \u00e0 educa\u00e7\u00e3o, ela pode destruir todas as esperan\u00e7as de alcan\u00e7arem a educa\u00e7\u00e3o de que precisam.&nbsp;&nbsp;\u201cO recente progresso feito na matr\u00edcula escolar de crian\u00e7as e jovens refugiados est\u00e1 agora sob amea\u00e7a\u201d, afirma o alto comiss\u00e1rio da ONU para Refugiados, Filippo Grandi. \u201cEnfrentar esse desafio requer um esfor\u00e7o massivo e coordenado, e \u00e9 uma tarefa da qual n\u00e3o podemos nos esquivar\u201d,&nbsp;acrescenta.<\/p>\n\n\n\n<p>Na avalia\u00e7\u00e3o da Acnur,&nbsp;os pa\u00edses que acolhem grande n\u00famero de&nbsp;refugiados&nbsp;precisam de assist\u00eancia para ter&nbsp;capacidade de atender a esses jovens: mais escolas, materiais de aprendizagem apropriados, treinamento de professores em disciplinas especializadas, apoio e instala\u00e7\u00f5es para meninas adolescentes e investimento em tecnologia e conectividade para acabar com a exclus\u00e3o digital.<\/p>\n\n\n\n<h2 class=\"wp-block-heading\">Ensino superior<\/h2>\n\n\n\n<p>Quando o foco \u00e9 nas&nbsp;matr\u00edculas do ensino superior,&nbsp;elas&nbsp;foram&nbsp;de 5%, um aumento de 2 pontos percentuais a cada ano. \u201c Esse&nbsp;ganho representa uma mudan\u00e7a transformadora para milhares de pessoas refugiadas e suas comunidades. \u00c9 um aumento que tamb\u00e9m gera esperan\u00e7a e incentivo aos refugiados mais jovens, que enfrentam grandes desafios relacionados ao acesso \u00e0 educa\u00e7\u00e3o\u201d,&nbsp;ressalta a Acnur.<\/p>\n\n\n\n<p>Apesar disso, o&nbsp;n\u00edvel permanece baixo quando comparado aos n\u00fameros globais. Sem um expressivo aumento no acesso ao ensino secund\u00e1rio, a meta \u201c15 em 30\u201d estabelecida pela organiza\u00e7\u00e3o&nbsp;e parceiros \u2013 15% dos refugiados matriculados no ensino superior at\u00e9 2030 \u2013 permanecer\u00e1 fora de alcance.<\/p>\n\n\n\n<h2 class=\"wp-block-heading\">Acnur<\/h2>\n\n\n\n<p>A Ag\u00eancia da ONU para Refugiados \u00e9 uma organiza\u00e7\u00e3o dedicada a salvar vidas, assegurar os direitos e construir futuro&nbsp;melhor&nbsp;para as pessoas que foram for\u00e7adas a deixar suas casas e comunidades devido a guerras, conflitos armados, persegui\u00e7\u00f5es ou graves viola\u00e7\u00f5es dos direitos humanos. Presente em mais de 130 pa\u00edses,&nbsp;a entidade&nbsp;atua em conjunto com autoridades nacionais e locais, organiza\u00e7\u00f5es da sociedade civil, academia e o setor privado para que todas as pessoas refugiadas, deslocadas internas e ap\u00e1tridas encontrem seguran\u00e7a e meios para reconstruir sua vida.<\/p>\n\n\n\n<p>Edi\u00e7\u00e3o: Gra\u00e7a Adjuto<\/p>\n","protected":false},"excerpt":{"rendered":"<p>Dados foram coletados pela Acnur em 40 pa\u00edses Por Karine Melo &#8211; Rep\u00f3rter da Ag\u00eancia<\/p>\n","protected":false},"author":2,"featured_media":20621,"comment_status":"open","ping_status":"open","sticky":false,"template":"","format":"standard","meta":{"footnotes":""},"categories":[17],"tags":[],"class_list":["post-20620","post","type-post","status-publish","format-standard","has-post-thumbnail","hentry","category-outras-noticias"],"_links":{"self":[{"href":"https:\/\/tvc16.com\/portal\/wp-json\/wp\/v2\/posts\/20620","targetHints":{"allow":["GET"]}}],"collection":[{"href":"https:\/\/tvc16.com\/portal\/wp-json\/wp\/v2\/posts"}],"about":[{"href":"https:\/\/tvc16.com\/portal\/wp-json\/wp\/v2\/types\/post"}],"author":[{"embeddable":true,"href":"https:\/\/tvc16.com\/portal\/wp-json\/wp\/v2\/users\/2"}],"replies":[{"embeddable":true,"href":"https:\/\/tvc16.com\/portal\/wp-json\/wp\/v2\/comments?post=20620"}],"version-history":[{"count":1,"href":"https:\/\/tvc16.com\/portal\/wp-json\/wp\/v2\/posts\/20620\/revisions"}],"predecessor-version":[{"id":20622,"href":"https:\/\/tvc16.com\/portal\/wp-json\/wp\/v2\/posts\/20620\/revisions\/20622"}],"wp:featuredmedia":[{"embeddable":true,"href":"https:\/\/tvc16.com\/portal\/wp-json\/wp\/v2\/media\/20621"}],"wp:attachment":[{"href":"https:\/\/tvc16.com\/portal\/wp-json\/wp\/v2\/media?parent=20620"}],"wp:term":[{"taxonomy":"category","embeddable":true,"href":"https:\/\/tvc16.com\/portal\/wp-json\/wp\/v2\/categories?post=20620"},{"taxonomy":"post_tag","embeddable":true,"href":"https:\/\/tvc16.com\/portal\/wp-json\/wp\/v2\/tags?post=20620"}],"curies":[{"name":"wp","href":"https:\/\/api.w.org\/{rel}","templated":true}]}}